{"id":388,"date":"2011-08-02T12:12:00","date_gmt":"2011-08-02T12:12:00","guid":{"rendered":"http:\/\/www.toque-musicall.com\/?p=388"},"modified":"2011-08-02T12:12:00","modified_gmt":"2011-08-02T12:12:00","slug":"orquestra-sinfonica-brasileira-carlos-gomes-aberturas-e-preludios-1969","status":"publish","type":"post","link":"https:\/\/www.toque-musicall.com\/?p=388","title":{"rendered":"Orquestra Sinf\u00f4nica Brasileira &#8211; Carlos Gomes &#8211; Aberturas E Prel\u00fadios (1969)"},"content":{"rendered":"<div style=\"clear: both; text-align: center;\"><a href=\"http:\/\/4.bp.blogspot.com\/-VvZs8iOWFQA\/TjfdZuzp9eI\/AAAAAAAAINs\/MbbfnCyyhoo\/s1600\/carlos+gomes+P.JPG\" style=\"margin-left: 1em; margin-right: 1em;\"><img loading=\"lazy\" decoding=\"async\" border=\"0\" height=\"393\" src=\"http:\/\/4.bp.blogspot.com\/-VvZs8iOWFQA\/TjfdZuzp9eI\/AAAAAAAAINs\/MbbfnCyyhoo\/s400\/carlos+gomes+P.JPG\" width=\"400\" \/><\/a><\/div>\n<p>Bom dia, amigos cultos e ocultos! Como informei, at\u00e9 o fim do ano ou enquanto durarem os estoques, farei a semana mais &#8216;setorizada&#8217;, inclu\u00edndo al\u00e9m da &#8216;sexta independente&#8217; e do &#8216;s\u00e1bado de colet\u00e2neas&#8217;, a &#8216;segunda da trilha&#8217;, a ter\u00e7a do erudito e at\u00e9 quem sabe um dia extra para o compacto. Vou tentar manter esse ritmo nos pr\u00f3ximos meses. Vamos ver&#8230; (e ouvir, claro!)<br \/>Para come\u00e7ar a nossa ter\u00e7a mais &#8216;erudita&#8217;, vamos com este excelente lp da Orquestra Sinf\u00f4nica Brasileira, gravado em 1969, pela Odeon, atrav\u00e9s de seu selo\u00a0Angel,\u00a0para m\u00fasica cl\u00e1ssica. Temos aqui reunidos alguns dos famosos prel\u00fadios e aberturas de \u00f3peras de um dos mais c\u00e9lebres compositores da m\u00fasica cl\u00e1ssica brasileira, Carlos Gomes. Tamb\u00e9m como podemos ver logo pela capa, a OSB \u00e9 regida pelo seu Maestro Eleazar de Carvalho. Na contracapa h\u00e1 um texto de apresenta\u00e7\u00e3o de outro compositor, o maestro Marlos Nobre. Pelo pouco que sei de m\u00fasica cl\u00e1ssica e erudita no Brasil e suas grava\u00e7\u00f5es, este \u00e9 um registro fonogr\u00e1fico dif\u00edcil de se encontrar hoje em dia. Se \u00e9 dif\u00edcil e raro, t\u00e1 para n\u00f3s, n\u00e3o \u00e9 mesmo? Confiram&#8230;<\/p>\n<div style=\"text-align: center;\">salvator rosa &#8211; abertura<\/div>\n<div style=\"text-align: center;\">lo schiavo &#8211; prel\u00fadio\u00a0<\/div>\n<div style=\"text-align: center;\">lo schiavo &#8211; alvorada<\/div>\n<div style=\"text-align: center;\">o guarany &#8211; abertura<\/div>\n<div style=\"text-align: center;\">condor &#8211; noturno<\/div>\n<div style=\"text-align: center;\">fosca &#8211; abertura<\/div>\n","protected":false},"excerpt":{"rendered":"<p>Bom dia, amigos cultos e ocultos! Como informei, at\u00e9 o fim do ano ou enquanto durarem os estoques, farei a semana mais &#8216;setorizada&#8217;, inclu\u00edndo al\u00e9m da &#8216;sexta independente&#8217; e do &#8216;s\u00e1bado de colet\u00e2neas&#8217;, a &#8216;segunda da trilha&#8217;, a ter\u00e7a do &hellip; <a href=\"https:\/\/www.toque-musicall.com\/?p=388\">Continue lendo <span class=\"meta-nav\">&rarr;<\/span><\/a><\/p>\n","protected":false},"author":1,"featured_media":0,"comment_status":"open","ping_status":"closed","sticky":false,"template":"","format":"standard","meta":{"footnotes":""},"categories":[626,625,627,529],"tags":[],"class_list":["post-388","post","type-post","status-publish","format-standard","hentry","category-carlos-gomes","category-maestro-eleazar-de-carvalho","category-orquestra-sinfonica-brasileira","category-selo-angel"],"_links":{"self":[{"href":"https:\/\/www.toque-musicall.com\/index.php?rest_route=\/wp\/v2\/posts\/388","targetHints":{"allow":["GET"]}}],"collection":[{"href":"https:\/\/www.toque-musicall.com\/index.php?rest_route=\/wp\/v2\/posts"}],"about":[{"href":"https:\/\/www.toque-musicall.com\/index.php?rest_route=\/wp\/v2\/types\/post"}],"author":[{"embeddable":true,"href":"https:\/\/www.toque-musicall.com\/index.php?rest_route=\/wp\/v2\/users\/1"}],"replies":[{"embeddable":true,"href":"https:\/\/www.toque-musicall.com\/index.php?rest_route=%2Fwp%2Fv2%2Fcomments&post=388"}],"version-history":[{"count":0,"href":"https:\/\/www.toque-musicall.com\/index.php?rest_route=\/wp\/v2\/posts\/388\/revisions"}],"wp:attachment":[{"href":"https:\/\/www.toque-musicall.com\/index.php?rest_route=%2Fwp%2Fv2%2Fmedia&parent=388"}],"wp:term":[{"taxonomy":"category","embeddable":true,"href":"https:\/\/www.toque-musicall.com\/index.php?rest_route=%2Fwp%2Fv2%2Fcategories&post=388"},{"taxonomy":"post_tag","embeddable":true,"href":"https:\/\/www.toque-musicall.com\/index.php?rest_route=%2Fwp%2Fv2%2Ftags&post=388"}],"curies":[{"name":"wp","href":"https:\/\/api.w.org\/{rel}","templated":true}]}}