{"id":3881,"date":"2014-02-03T23:01:17","date_gmt":"2014-02-04T01:01:17","guid":{"rendered":"http:\/\/www.toque-musicall.com\/?p=3881"},"modified":"2014-02-03T23:01:17","modified_gmt":"2014-02-04T01:01:17","slug":"samba-terreiro-e-batucada-1973","status":"publish","type":"post","link":"https:\/\/www.toque-musicall.com\/?p=3881","title":{"rendered":"Samba Terreiro E Batucada (1973)"},"content":{"rendered":"<p><img loading=\"lazy\" decoding=\"async\" class=\"aligncenter\" alt=\"\" src=\"http:\/\/3.bp.blogspot.com\/-F5w0uZS9j8U\/UvAxbfksD9I\/AAAAAAAAIbY\/iQAvyiHZl8c\/s1600\/capap.JPG\" width=\"1000\" height=\"1008\" \/><img loading=\"lazy\" decoding=\"async\" class=\"aligncenter\" alt=\"\" src=\"http:\/\/1.bp.blogspot.com\/-Nz27xPR-0tw\/UvAxW4_APCI\/AAAAAAAAIbQ\/ZZaWGVoa9WQ\/s1600\/contrap.JPG\" width=\"1000\" height=\"1007\" \/><\/p>\n<p>Boa noite, prezados amigos cultos e ocultos! Hoje, excepcionalmente, n\u00e3o teremos aqui um novo volume da colet\u00e2nea Grand Record Brazil. Tive alguns problemas na hora da sele\u00e7\u00e3o musical, o que acabou atrasando o nosso escriba, Samuel Machado Filho. Mas n\u00e3o se preocupem, amanh\u00e3 o GTM vem marcar mais um ponto, trazendo sempre uma boa raridade dos tempos das bolachas de 78 rpm.<br \/>\nPara n\u00e3o ficarmos a ver navios, vou postando aqui um daqueles bons discos produzidos por Harry Zuckermann e seu selo CID. Uma fase boa para a m\u00fasica e a ind\u00fastria fonogr\u00e1fica, no in\u00edcio dos anos 70. &#8220;Samba Terreiro e Batucada&#8221; \u00e9 um \u00e1lbum aut\u00eantico de samba, com produ\u00e7\u00e3o art\u00edstica de Durval Ferreira. Nele iremos encontrar nomes mais conhecidos nas rodas de samba carioca. Figuras como Rubens da Mangueira, Tet\u00e9 da Portela, Darcy do Imp\u00e9rio, Geraldo Cunha e tamb\u00e9m os conjuntos Embaixadores do Ritmo, Os Kabuletes, Os Naturais e o Conjunto Explos\u00e3o do Samba. Como se v\u00ea, sambistas de verdade num trabalho aut\u00eantico. S\u00e3o onze sambas, dos quais, alguns foram grande sucesso, como &#8220;Boi da cara preta&#8221; e &#8220;Camisa 10&#8221;. Vale a pena conferi<a href=\"http:\/\/depositfiles.org\/files\/939zbwely\" target=\"_blank\">r<\/a>&#8230;<\/p>\n<div style=\"text-align: center;\">boi da cara preta &#8211; rubens da mangueira<\/div>\n<div style=\"text-align: center;\">\u00e9 preciso cantar &#8211; explos\u00e3o do samba<\/div>\n<div style=\"text-align: center;\">katimb\u00f3 &#8211; tet\u00e9 da portela<\/div>\n<div style=\"text-align: center;\">dinheiro e mulher &#8211; embaixadores do ritmo<\/div>\n<div style=\"text-align: center;\">at\u00e9 o carnaval chegar &#8211; os naturais<\/div>\n<div style=\"text-align: center;\">caxambu de s\u00e1 maria &#8211; darcy do imp\u00e9rio<\/div>\n<div style=\"text-align: center;\">camisa 10 &#8211; paul\u00e3o<\/div>\n<div style=\"text-align: center;\">pagode de samba &#8211; os kabuletes<\/div>\n<div style=\"text-align: center;\">sarav\u00e1 &#8211; \u00edndio branco<\/div>\n<div style=\"text-align: center;\">caminheiro &#8211; tet\u00e9 da portela<\/div>\n<div style=\"text-align: center;\">uma mulher &#8211; geraldo cunha e embaixadores do ritmo<\/div>\n<div style=\"text-align: center;\"><\/div>\n<div style=\"text-align: center;\">.<\/div>\n","protected":false},"excerpt":{"rendered":"<p>Boa noite, prezados amigos cultos e ocultos! Hoje, excepcionalmente, n\u00e3o teremos aqui um novo volume da colet\u00e2nea Grand Record Brazil. Tive alguns problemas na hora da sele\u00e7\u00e3o musical, o que acabou atrasando o nosso escriba, Samuel Machado Filho. Mas n\u00e3o &hellip; <a href=\"https:\/\/www.toque-musicall.com\/?p=3881\">Continue lendo <span class=\"meta-nav\">&rarr;<\/span><\/a><\/p>\n","protected":false},"author":1,"featured_media":0,"comment_status":"open","ping_status":"closed","sticky":false,"template":"","format":"standard","meta":{"footnotes":""},"categories":[2327,345],"tags":[],"class_list":["post-3881","post","type-post","status-publish","format-standard","hentry","category-darcy-do-imperio","category-selo-cid"],"_links":{"self":[{"href":"https:\/\/www.toque-musicall.com\/index.php?rest_route=\/wp\/v2\/posts\/3881","targetHints":{"allow":["GET"]}}],"collection":[{"href":"https:\/\/www.toque-musicall.com\/index.php?rest_route=\/wp\/v2\/posts"}],"about":[{"href":"https:\/\/www.toque-musicall.com\/index.php?rest_route=\/wp\/v2\/types\/post"}],"author":[{"embeddable":true,"href":"https:\/\/www.toque-musicall.com\/index.php?rest_route=\/wp\/v2\/users\/1"}],"replies":[{"embeddable":true,"href":"https:\/\/www.toque-musicall.com\/index.php?rest_route=%2Fwp%2Fv2%2Fcomments&post=3881"}],"version-history":[{"count":1,"href":"https:\/\/www.toque-musicall.com\/index.php?rest_route=\/wp\/v2\/posts\/3881\/revisions"}],"predecessor-version":[{"id":3884,"href":"https:\/\/www.toque-musicall.com\/index.php?rest_route=\/wp\/v2\/posts\/3881\/revisions\/3884"}],"wp:attachment":[{"href":"https:\/\/www.toque-musicall.com\/index.php?rest_route=%2Fwp%2Fv2%2Fmedia&parent=3881"}],"wp:term":[{"taxonomy":"category","embeddable":true,"href":"https:\/\/www.toque-musicall.com\/index.php?rest_route=%2Fwp%2Fv2%2Fcategories&post=3881"},{"taxonomy":"post_tag","embeddable":true,"href":"https:\/\/www.toque-musicall.com\/index.php?rest_route=%2Fwp%2Fv2%2Ftags&post=3881"}],"curies":[{"name":"wp","href":"https:\/\/api.w.org\/{rel}","templated":true}]}}