{"id":3886,"date":"2014-02-04T20:16:29","date_gmt":"2014-02-04T22:16:29","guid":{"rendered":"http:\/\/www.toque-musicall.com\/?p=3886"},"modified":"2014-02-05T20:45:37","modified_gmt":"2014-02-05T22:45:37","slug":"ismael-silva-noel-rosa-selecao-78-rpm-do-toque-musical-vol-87-2014","status":"publish","type":"post","link":"https:\/\/www.toque-musicall.com\/?p=3886","title":{"rendered":"Ismael Silva &#038; Noel Rosa &#8211; Sele\u00e7\u00e3o 78 RPM Do Toque Musical &#8211; Vol.87 (2014)"},"content":{"rendered":"<p><img loading=\"lazy\" decoding=\"async\" class=\"aligncenter\" alt=\"\" src=\"http:\/\/3.bp.blogspot.com\/-m3tbqSURAGI\/UvK2XXjAamI\/AAAAAAAAIcE\/awaTJqklEDQ\/s1600\/CAPAp.JPG\" width=\"1000\" height=\"1000\" \/><img loading=\"lazy\" decoding=\"async\" class=\"aligncenter\" alt=\"\" src=\"http:\/\/3.bp.blogspot.com\/-ts3bKh4kJpo\/UvK2LPwNXcI\/AAAAAAAAIb8\/h8CH1Oa2jaI\/s1600\/CONTRACAPAp.JPG\" width=\"1000\" height=\"1000\" \/><\/p>\n<div>Estamos de volta com o Grand Record Brazil, agora em sua edi\u00e7\u00e3o de n\u00famero 87, apresentando a terceira e \u00faltima parte de nosso retrospecto sobre Ismael Silva (1905-1978), um dos grandes nomes do samba. Focalizamos aqui o Ismael int\u00e9rprete, apresentando sete grava\u00e7\u00f5es , com seis m\u00fasicas de outros autores ( em 78 rpm Odeon) e uma regrava\u00e7\u00e3o de samba dele pr\u00f3prio (em LP Sinter). Nossa primeira faixa \u00e9 \u201cLouca\u201d, samba de Bucy Moreira, neto da lend\u00e1ria Tia Ciata, gravado por Ismael na \u201cmarca do templo\u201d em\u00a0\u00a03 de setembro de 1931, disco 10835-B, matriz 4297. Na faixa\u00a0\u00a03 est\u00e1 o lado A, \u201cSamba raiado\u201d, de Marcelino de Oliveira, matriz 4296. Em seguida temos outro samba, \u201cEscola de malandro\u201d, um dueto de Ismael Silva com Noel Rosa, feito pelo Poeta da Vila em parceria com Orlando Luiz Machado (s\u00f3 este foi creditado como autor no selo). Grava\u00e7\u00e3o de 15 de setembro de 1932, disco 10949-B, matriz 131447 (por esse n\u00famero, a matriz \u00e9 certamente \u00e9 uma \u201csobra\u201d da Parlophon, subsidi\u00e1ria da Odeon, desativada naquele ano).\u00a0\u00a0O lado A, matriz 131292, gravado em 25 de novembro de 1931, \u00e9 outro samba, que desta vez Ismael canta solo, \u201cCarinho eu tenho\u201d, de autoria do lend\u00e1rio Sylvio Fernandes, o Brancura, c\u00e9lebre malandro do Est\u00e1cio. Em seguida, mais um dueto de Ismael Silva com Noel Rosa, a marchinha \u2018Seu Jacinto\u201d, composi\u00e7\u00e3o s\u00f3 de Noel, gravada na \u201cmarca do templo\u201d em 27 de outubro de 1932 e lan\u00e7ada em janeiro de 33 para o carnaval, disco 10953-A, matriz 4534. No lado B, Ismael e Noel tamb\u00e9m cantam juntos \u201cQuem n\u00e3o dan\u00e7a\u201d, samba s\u00f3 do Poeta da Vila, gravado dias mais tarde, em 17 de novembro de 1932, matriz 4552. Em ambas as faixas, com acompanhamento do Grupo Gente Boa, est\u00e1 bem destacada no coro a voz de Francisco Alves.<\/div>\n<div>Em seguida, uma regrava\u00e7\u00e3o de Ismael Silva para um hit seu de 1932, em parceria com Noel Rosa\u00a0\u00a0e Francisco Alves, lan\u00e7ada\u00a0\u00a0originalmente pela dupla Jonjoca-Castro Barbosa: o samba \u201cAdeus\u201d, faixa 2. Teria sido composto em homenagem p\u00f3stuma a N\u00edlton Bastos, falecido pouco antes, mas a d\u00favida fica por conta dos versos \u201cSem teu amor\/ esta vida n\u00e3o tem mais valor\u201d. Este registro foi lan\u00e7ado pela Sinter em novembro de 1955, no primeiro LP-solo do compositor, o 10 polegadas \u201cO samba na voz do sambista\u201d.\u00a0\u00a0E, para completar este programa, j\u00e1 que Ismael canta tr\u00eas faixas em dueto com Noel Rosa (1910-1937), ele aqui aparece como nosso \u201cconvidado especial\u201d, com cinco antol\u00f3gicas grava\u00e7\u00f5es Columbia, todas elas sambas, feitos por ele com a maestria e a genialidade de sempre.\u00a0\u00a0Pra come\u00e7ar, \u201cFelicidade\u201d, parceria de Noel com Ren\u00ea Bittencourt, lan\u00e7ado em fevereiro de 1932, disco 22083-B, matriz 381159. Na edi\u00e7\u00e3o impressa, levou o subt\u00edtulo \u201cQue bom, felicidade, que vai ser!\u201d, verso final do estribilho. Em seguida, temos o magn\u00edfico e n\u00e3o menos genial \u201cCoisas nossas\u201d, em que Noel sintetiza e apreende a alma e os costumes do povo de seu Rio de Janeiro natal,\u00a0\u00a0Teria sido apresentado\u00a0\u00a0tamb\u00e9m no\u00a0\u00a0filme \u201cCoisas nossas\u201d, um musical de sucesso de bilheteria, cujo t\u00edtulo\u00a0\u00a0teria sido tirado exatamente deste samba (informa\u00e7\u00e3o esta pass\u00edvel de confirma\u00e7\u00e3o),\u00a0\u00a0e do qual n\u00e3o restaram c\u00f3pias. Saiu pela Columbia em mar\u00e7o de 1932, sob n.o 22089-B, matriz 381168. O verso, matriz 381176, \u00e9 \u2018Mulher indigesta\u201d, que, se fosse lan\u00e7ado hoje, provocaria a indigna\u00e7\u00e3o de muitas feministas&#8230;\u00a0\u00a0Noel \u00e9 aqui acompanhado pelo misterioso grupo Os Sete Diabos, nome talvez aleat\u00f3rio.\u00a0\u00a0\u201cMentiras de mulher\u201d \u00e9 o outro lado de \u201cFelicidade\u201d, matriz 381158, e \u00e9 cantado por Noel, que o fez sem parceria, junto com Artur Costa, ator de revistas e tamb\u00e9m compositor, que no entanto s\u00f3 participa do estribilho, e Noel o interpreta praticamente sozinho. Finalizando a especial\u00edssima participa\u00e7\u00e3o de Noel nesta edi\u00e7\u00e3o, ele canta sua obra-prima em parceria com Orestes Barbosa, \u201cPositivismo\u201d, que a Columbia p\u00f4s nas lojas em setembro de 1933 sob n.o 22240-B, matriz 381530. N\u00e3o poderia encerramento com melhor chave de ouro do que este, para esta edi\u00e7\u00e3o do GRB. At\u00e9 o nosso pr\u00f3ximo encontro, amigos cultos, ocultos e associado<a href=\"http:\/\/depositfiles.org\/files\/hrf3dh8iy\" target=\"_blank\">s<\/a>!<\/div>\n<div><\/div>\n<div>* Texto de SAMUEL MACHADO FILHO<\/div>\n","protected":false},"excerpt":{"rendered":"<p>Estamos de volta com o Grand Record Brazil, agora em sua edi\u00e7\u00e3o de n\u00famero 87, apresentando a terceira e \u00faltima parte de nosso retrospecto sobre Ismael Silva (1905-1978), um dos grandes nomes do samba. Focalizamos aqui o Ismael int\u00e9rprete, apresentando &hellip; <a href=\"https:\/\/www.toque-musicall.com\/?p=3886\">Continue lendo <span class=\"meta-nav\">&rarr;<\/span><\/a><\/p>\n","protected":false},"author":1,"featured_media":0,"comment_status":"open","ping_status":"closed","sticky":false,"template":"","format":"standard","meta":{"footnotes":""},"categories":[11,2058,678,13],"tags":[],"class_list":["post-3886","post","type-post","status-publish","format-standard","hentry","category-exclusivos-do-toque-musical","category-ismael-silva","category-noel-rosa","category-selo-grand-record-brazil"],"_links":{"self":[{"href":"https:\/\/www.toque-musicall.com\/index.php?rest_route=\/wp\/v2\/posts\/3886","targetHints":{"allow":["GET"]}}],"collection":[{"href":"https:\/\/www.toque-musicall.com\/index.php?rest_route=\/wp\/v2\/posts"}],"about":[{"href":"https:\/\/www.toque-musicall.com\/index.php?rest_route=\/wp\/v2\/types\/post"}],"author":[{"embeddable":true,"href":"https:\/\/www.toque-musicall.com\/index.php?rest_route=\/wp\/v2\/users\/1"}],"replies":[{"embeddable":true,"href":"https:\/\/www.toque-musicall.com\/index.php?rest_route=%2Fwp%2Fv2%2Fcomments&post=3886"}],"version-history":[{"count":2,"href":"https:\/\/www.toque-musicall.com\/index.php?rest_route=\/wp\/v2\/posts\/3886\/revisions"}],"predecessor-version":[{"id":3890,"href":"https:\/\/www.toque-musicall.com\/index.php?rest_route=\/wp\/v2\/posts\/3886\/revisions\/3890"}],"wp:attachment":[{"href":"https:\/\/www.toque-musicall.com\/index.php?rest_route=%2Fwp%2Fv2%2Fmedia&parent=3886"}],"wp:term":[{"taxonomy":"category","embeddable":true,"href":"https:\/\/www.toque-musicall.com\/index.php?rest_route=%2Fwp%2Fv2%2Fcategories&post=3886"},{"taxonomy":"post_tag","embeddable":true,"href":"https:\/\/www.toque-musicall.com\/index.php?rest_route=%2Fwp%2Fv2%2Ftags&post=3886"}],"curies":[{"name":"wp","href":"https:\/\/api.w.org\/{rel}","templated":true}]}}