{"id":389,"date":"2011-08-01T12:26:00","date_gmt":"2011-08-01T12:26:00","guid":{"rendered":"http:\/\/www.toque-musicall.com\/?p=389"},"modified":"2011-08-01T12:26:00","modified_gmt":"2011-08-01T12:26:00","slug":"corrida-do-ouro-trilha-sonora-original-da-novela-1974","status":"publish","type":"post","link":"https:\/\/www.toque-musicall.com\/?p=389","title":{"rendered":"Corrida Do Ouro &#8211; Trilha Sonora Original Da Novela (1974)"},"content":{"rendered":"<div style=\"clear: both; text-align: center;\"><a href=\"http:\/\/3.bp.blogspot.com\/-2znhosKBmhQ\/TjaPTH6GQgI\/AAAAAAAAINk\/qIOTrd65YcQ\/s1600\/corrida+P.JPG\" style=\"margin-left: 1em; margin-right: 1em;\"><img loading=\"lazy\" decoding=\"async\" border=\"0\" height=\"400\" src=\"http:\/\/3.bp.blogspot.com\/-2znhosKBmhQ\/TjaPTH6GQgI\/AAAAAAAAINk\/qIOTrd65YcQ\/s400\/corrida+P.JPG\" width=\"396\" \/><\/a><\/div>\n<p>Bom dia a todos, amigos cultos e ocultos! Agosto chegou e eu tamb\u00e9m. Estou de volta para retomarmos os nossos toques &#8216;fonoaudiomusicais&#8217;. Neste fim de semana, logo que pude, fui procurando colocar em dia as nossas\u00a0correspond\u00eancias e\u00a0postagens, atendendo aos pedidos para restaurar antigos toques. Infelizmente, alguns t\u00edtulos postados, eu n\u00e3o terei como repor imediatamente. Pretendo para esses refazer os arquivos que antes n\u00e3o estavam devidamente completos, com contracapas, selos e encartes. Pe\u00e7o aos solicitantes que tenham um pouco mais de paci\u00eancia e aguardem&#8230;<br \/>Para recome\u00e7ar, eu pensei em fazer desta uma semana tem\u00e1tica, dedicada, mais uma vez, \u00e0s trilhas sonoras de novelas. Gosto muito de trilhas, em geral sempre trazem coisas que a gente n\u00e3o ouvir\u00e1 em outros discos. M\u00fasicas e artistas que muitas vezes acabam ficando limitados, apenas como parte da trilha, algo parecido tamb\u00e9m com os compactos, n\u00e3o \u00e9 mesmo? Por outro lado, me lembrei agora, que j\u00e1 havia planejado uma outra estrat\u00e9gia de programa\u00e7\u00e3o, manter (at\u00e9 quando for poss\u00edvel) um esquema onde pud\u00e9ssemos dedicar cada dia \u00e0 um tipo de disco\/artista, como j\u00e1 venho fazendo com as sextas feiras de independentes e os s\u00e1bados de colet\u00e2neas. Sei que estou arrumando mais sarna para co\u00e7ar, mas vamos tentar&#8230; Adotaremos as segundas feiras ent\u00e3o para as trilhas, ok? Amanh\u00e3, quem sabe, pode ser para os cl\u00e1ssicos e eruditos. Tamb\u00e9m tenho muitos t\u00edtulos nesses g\u00eaneros e gostaria de mostrar a voc\u00eas.<br \/>Pois bem, seguimos ent\u00e3o com a trilha do dia. Temos aqui a da novela\u00a0setentona da Rede Globo, &#8220;Corrida do Ouro&#8221;, levada ao ar no hor\u00e1rio das 19 horas. As m\u00fasicas que fazem parte dessa trilha s\u00e3o todas do genial Z\u00e9 Rodrix, numa de suas melhores fases de cria\u00e7\u00e3o. Ali\u00e1s, o Z\u00e9 Rodrix, eu considero, foi um dos nossos maiores compositores &#8216;de encomenda&#8217;. Quero dizer, um daqueles compositores que melhor soube criar encima de trabalhos encomendados. N\u00e3o foi por acaso que ele criou alguns dos mais bonitos e criativos jingles da propaganda brasileira. O Z\u00e9 era fera! Nesta trilha, produzida por Guto Gra\u00e7a Mello e Eust\u00e1quio Sena, temos 12 temas interpretados aqui n\u00e3o apenas pelo seu criador, mas tamb\u00e9m por alguns artistas do &#8216;cast&#8217; da Som Livre. Os arranjos s\u00e3o do pr\u00f3prio Z\u00e9 Rodrix. Um excelente disco, vale conferir \ud83d\ude09<\/p>\n<div style=\"text-align: center;\">gera\u00e7\u00f5es &#8211; z\u00e9 rodrix<\/div>\n<div style=\"text-align: center;\">quem sabe &#8211; montesuma<\/div>\n<div style=\"text-align: center;\">laranja da terra &#8211; eust\u00e1quio sena<\/div>\n<div style=\"text-align: center;\">gilda &#8211; orquestra som livre<\/div>\n<div style=\"text-align: center;\">olho d&#8217;agua &#8211; golden boys e trio esperan\u00e7a<\/div>\n<div style=\"text-align: center;\">corrida do ouro &#8211; z\u00e9 rodrix e coral som livre<\/div>\n<div style=\"text-align: center;\">teresa &#8211; betinho<\/div>\n<div style=\"text-align: center;\">nem pensar &#8211; sandra brea<\/div>\n<div style=\"text-align: center;\">a bem da verdade &#8211; edy star e z\u00e9 rodrix<\/div>\n<div style=\"text-align: center;\">agora &#8211; orquestra som livre<\/div>\n<div style=\"text-align: center;\">indecis\u00e3o &#8211; betinho<\/div>\n<div style=\"text-align: center;\">granizo &#8211; orquestra som livre<\/div>\n","protected":false},"excerpt":{"rendered":"<p>Bom dia a todos, amigos cultos e ocultos! Agosto chegou e eu tamb\u00e9m. Estou de volta para retomarmos os nossos toques &#8216;fonoaudiomusicais&#8217;. Neste fim de semana, logo que pude, fui procurando colocar em dia as nossas\u00a0correspond\u00eancias e\u00a0postagens, atendendo aos pedidos &hellip; <a href=\"https:\/\/www.toque-musicall.com\/?p=389\">Continue lendo <span class=\"meta-nav\">&rarr;<\/span><\/a><\/p>\n","protected":false},"author":1,"featured_media":0,"comment_status":"open","ping_status":"closed","sticky":false,"template":"","format":"standard","meta":{"footnotes":""},"categories":[628,66,346,111],"tags":[],"class_list":["post-389","post","type-post","status-publish","format-standard","hentry","category-novela-corrida-do-ouro","category-selo-som-livre","category-trilhas","category-ze-rodrix"],"_links":{"self":[{"href":"https:\/\/www.toque-musicall.com\/index.php?rest_route=\/wp\/v2\/posts\/389","targetHints":{"allow":["GET"]}}],"collection":[{"href":"https:\/\/www.toque-musicall.com\/index.php?rest_route=\/wp\/v2\/posts"}],"about":[{"href":"https:\/\/www.toque-musicall.com\/index.php?rest_route=\/wp\/v2\/types\/post"}],"author":[{"embeddable":true,"href":"https:\/\/www.toque-musicall.com\/index.php?rest_route=\/wp\/v2\/users\/1"}],"replies":[{"embeddable":true,"href":"https:\/\/www.toque-musicall.com\/index.php?rest_route=%2Fwp%2Fv2%2Fcomments&post=389"}],"version-history":[{"count":0,"href":"https:\/\/www.toque-musicall.com\/index.php?rest_route=\/wp\/v2\/posts\/389\/revisions"}],"wp:attachment":[{"href":"https:\/\/www.toque-musicall.com\/index.php?rest_route=%2Fwp%2Fv2%2Fmedia&parent=389"}],"wp:term":[{"taxonomy":"category","embeddable":true,"href":"https:\/\/www.toque-musicall.com\/index.php?rest_route=%2Fwp%2Fv2%2Fcategories&post=389"},{"taxonomy":"post_tag","embeddable":true,"href":"https:\/\/www.toque-musicall.com\/index.php?rest_route=%2Fwp%2Fv2%2Ftags&post=389"}],"curies":[{"name":"wp","href":"https:\/\/api.w.org\/{rel}","templated":true}]}}