{"id":3897,"date":"2014-02-08T18:36:08","date_gmt":"2014-02-08T20:36:08","guid":{"rendered":"http:\/\/www.toque-musicall.com\/?p=3897"},"modified":"2014-02-09T09:39:59","modified_gmt":"2014-02-09T11:39:59","slug":"conjunto-norberto-baldauf-baldauf-retorna-1962","status":"publish","type":"post","link":"https:\/\/www.toque-musicall.com\/?p=3897","title":{"rendered":"Conjunto Norberto Baldauf &#8211; Baldauf Retorna (1962)"},"content":{"rendered":"<p><img loading=\"lazy\" decoding=\"async\" class=\"aligncenter\" alt=\"\" src=\"http:\/\/2.bp.blogspot.com\/-OT3lZP54khk\/UvbfHkucgXI\/AAAAAAAAIdM\/pO8mgr9r-N0\/s1600\/capap.JPG\" width=\"1000\" height=\"983\" \/><img loading=\"lazy\" decoding=\"async\" class=\"aligncenter\" alt=\"\" src=\"http:\/\/4.bp.blogspot.com\/-I5tMUN_KTdU\/UvbfAWo4t9I\/AAAAAAAAIdE\/JG5mhbhBpPA\/s1600\/contrap.JPG\" width=\"1000\" height=\"973\" \/>Ol\u00e1 amigos cultos e ocultos! Se tem uma coisa (entre muitas outras) que me d\u00e1 muito prazer \u00e9 poder ouvir no meu tocadiscos um lp de 50 anos atr\u00e1s impec\u00e1vel, super conservado e ainda por cima maravilhoso, tanto no repert\u00f3rio quanto em seus int\u00e9rpretes. No caso, Norberto Baldauf e seu conjunto, ou Conjunto Norberto Baldauf. Este \u00e1lbum \u00e9 uma colabora\u00e7\u00e3o do nosso amigo Newton Amaral, que gentilmente me enviou para que fosse digitalizado e compartilhado com todos aqui. Tenho o arquivo deste disco, mas confesso que ouvi dele umas duas ou tr\u00eas m\u00fasicas. Fiquei surpreso hoje ao ouv\u00ed-lo na \u00edntegra. Descobri que o &#8216;retorno&#8217; de Baldauf est\u00e1 sendo para mim, um de seus melhores disco. T\u00f4 adorando. Muitos de voc\u00eas, por certo j\u00e1 o conhecem, inclusive em outros blogs. Mas agora chegou a vez de sua apresenta\u00e7\u00e3o aqui no Toque Musical.<br \/>\nComo se pode ver logo de cara, ou melhor, logo de capa, temos estampadas as doze m\u00fasicas que comp\u00f5e este lp. Uma escolha sortida e tamb\u00e9m muito feliz contemplando sucessos nacionais e internacionais. S\u00e9rgio Ricardo, Luiz Henrique, Tito Madi e Antonio Carlos Jobim s\u00e3o alguns dos autores cujos os temas o Conjunto de Norberto Baldauf d\u00e1 um verdadeiro show de qualidade. Isso, para n\u00e3o falar do lado internacional, onde este grupo ga\u00facho tamb\u00e9m entra de sola, n\u00e3o deixando nada a desejar frente \u00e0 outros de seus melhores int\u00e9rpretes. Confira<a href=\"http:\/\/depositfiles.org\/files\/mg8sznvp3\" target=\"_blank\">m<\/a>&#8230;<\/p>\n<div style=\"text-align: center;\">\u00a0pernas<\/div>\n<div style=\"text-align: center;\">serenata<\/div>\n<div style=\"text-align: center;\">arrivederci<\/div>\n<div style=\"text-align: center;\">picante y sabroso<\/div>\n<div style=\"text-align: center;\">se amor \u00e9 isso<\/div>\n<div style=\"text-align: center;\">\u00e9 f\u00e1cil dizer adeus<\/div>\n<div style=\"text-align: center;\">s\u00f3 em teus bra\u00e7os<\/div>\n<div style=\"text-align: center;\">sabor a mi<\/div>\n<div style=\"text-align: center;\">mi cara carolina<\/div>\n<div style=\"text-align: center;\">saudade de briquendo<\/div>\n<div style=\"text-align: center;\">se meu apartamento falasse<\/div>\n<div style=\"text-align: center;\">reginella campagnola<\/div>\n<div style=\"text-align: center;\"><\/div>\n<div style=\"text-align: center;\">.<\/div>\n","protected":false},"excerpt":{"rendered":"<p>Ol\u00e1 amigos cultos e ocultos! Se tem uma coisa (entre muitas outras) que me d\u00e1 muito prazer \u00e9 poder ouvir no meu tocadiscos um lp de 50 anos atr\u00e1s impec\u00e1vel, super conservado e ainda por cima maravilhoso, tanto no repert\u00f3rio &hellip; <a href=\"https:\/\/www.toque-musicall.com\/?p=3897\">Continue lendo <span class=\"meta-nav\">&rarr;<\/span><\/a><\/p>\n","protected":false},"author":1,"featured_media":0,"comment_status":"open","ping_status":"closed","sticky":false,"template":"","format":"standard","meta":{"footnotes":""},"categories":[475,48],"tags":[],"class_list":["post-3897","post","type-post","status-publish","format-standard","hentry","category-conjunto-melodico-norberto-baldauf","category-selo-philips"],"_links":{"self":[{"href":"https:\/\/www.toque-musicall.com\/index.php?rest_route=\/wp\/v2\/posts\/3897","targetHints":{"allow":["GET"]}}],"collection":[{"href":"https:\/\/www.toque-musicall.com\/index.php?rest_route=\/wp\/v2\/posts"}],"about":[{"href":"https:\/\/www.toque-musicall.com\/index.php?rest_route=\/wp\/v2\/types\/post"}],"author":[{"embeddable":true,"href":"https:\/\/www.toque-musicall.com\/index.php?rest_route=\/wp\/v2\/users\/1"}],"replies":[{"embeddable":true,"href":"https:\/\/www.toque-musicall.com\/index.php?rest_route=%2Fwp%2Fv2%2Fcomments&post=3897"}],"version-history":[{"count":1,"href":"https:\/\/www.toque-musicall.com\/index.php?rest_route=\/wp\/v2\/posts\/3897\/revisions"}],"predecessor-version":[{"id":3900,"href":"https:\/\/www.toque-musicall.com\/index.php?rest_route=\/wp\/v2\/posts\/3897\/revisions\/3900"}],"wp:attachment":[{"href":"https:\/\/www.toque-musicall.com\/index.php?rest_route=%2Fwp%2Fv2%2Fmedia&parent=3897"}],"wp:term":[{"taxonomy":"category","embeddable":true,"href":"https:\/\/www.toque-musicall.com\/index.php?rest_route=%2Fwp%2Fv2%2Fcategories&post=3897"},{"taxonomy":"post_tag","embeddable":true,"href":"https:\/\/www.toque-musicall.com\/index.php?rest_route=%2Fwp%2Fv2%2Ftags&post=3897"}],"curies":[{"name":"wp","href":"https:\/\/api.w.org\/{rel}","templated":true}]}}