{"id":3903,"date":"2014-02-10T23:21:54","date_gmt":"2014-02-11T01:21:54","guid":{"rendered":"http:\/\/www.toque-musicall.com\/?p=3903"},"modified":"2014-02-10T23:21:54","modified_gmt":"2014-02-11T01:21:54","slug":"a-musica-de-monsueto-selecao-78-rpm-do-toque-musical-vol-88-2014","status":"publish","type":"post","link":"https:\/\/www.toque-musicall.com\/?p=3903","title":{"rendered":"A M\u00fasica De Monsueto &#8211; Sele\u00e7\u00e3o 78 RPM Do Toque Musical &#8211; Vol. 88 (2014)"},"content":{"rendered":"<p><img loading=\"lazy\" decoding=\"async\" class=\"aligncenter\" alt=\"\" src=\"http:\/\/1.bp.blogspot.com\/-4i0oHg_32e0\/Uvl4mJkmawI\/AAAAAAAAIeg\/KRfMMbSeX2s\/s1600\/CAPAp.JPG\" width=\"1000\" height=\"1000\" \/><img loading=\"lazy\" decoding=\"async\" class=\"aligncenter\" alt=\"\" src=\"http:\/\/2.bp.blogspot.com\/-rFG1hJrDdsc\/Uvl4iInWOGI\/AAAAAAAAIeY\/YjoOF7j0_xQ\/s1600\/CONTRACAPAp.JPG\" width=\"1000\" height=\"1000\" \/><\/p>\n<p>Esta semana, o Grand Record Brazil reverencia a mem\u00f3ria de outro grande compositor e sambista brasileiro, com in\u00fameros sucessos a seu cr\u00e9dito. Estamos falando de Monsueto. Batizado com o nome de Monsueto Campos de Menezes, nosso focalizado era carioca da gema, nascido na ent\u00e3o Capital da Rep\u00fablica no dia 4 de novembro de 1924. Criou-se na favela do Morro do Pinto, entre partideiros, rodas de samba e batucadas, o que por certo contribuiu para sua forma\u00e7\u00e3o musical. Foi baterista de in\u00fameros grupos musicais, inclusive da orquestra de Nicolino C\u00f3pia, o Copinha, no Copacabana Palace Hotel. Conseguiu seu primeiro sucesso em um carnaval bastante disputado, o de 1952, com o samba \u201cMe deixa em paz\u201d, gravado por Linda Batista e constante deste volume. Depois, teve v\u00e1rias de suas m\u00fasicas inclu\u00eddas no espet\u00e1culo \u201cFantasias e fantasia\u201d, tamb\u00e9m do Copacabana Palace. No cinema, apareceu em filmes como \u201cTreze cadeiras\u201d, \u201cNa corda bamba\u201d, \u201cO cantor e o milion\u00e1rio\u201d, \u201cQuem roubou meu samba?\u201d e \u201cA hora e a vez do samba\u201d.\u00a0 Monsueto atuou em v\u00e1rios shows ao lado de Herivelto Martins, antes de formar seu pr\u00f3prio grupo, com o qual excursionou pelo Brasil e outros pa\u00edses da Am\u00e9rica, Europa e \u00c1frica. Era tamb\u00e9m conhecido pelo apelido de Comandante, com o qual foi muito popular nos anos 1960, quando participava de um programa humor\u00edstico da extinta TV Rio, Canal 13, lan\u00e7ando express\u00f5es de g\u00edria que se incorporaram \u00e0 linguagem popular: \u201ccastiga\u201d, \u201cziriguidum\u201d, \u201cvou botar pra jambrar\u201d, \u201cmora\u201d etc. S\u00f3 gravou como int\u00e9rprete um \u00fanico LP, na Odeon, \u201cMora na filosofia dos sambas de Monsueto\u201d, em 1962, e alguns 78 rpm, al\u00e9m de participa\u00e7\u00f5es em registros de outros cantores. A partir de 1965, Monsueto come\u00e7ou a se dedicar tamb\u00e9m\u00a0 \u00e0 pintura primitivista, e at\u00e9 recebeu pr\u00eamio do Museu Nacional de Belas Artes, do Rio de Janeiro. Sem ter se filiado a nenhuma escola de samba carioca, era bem recebido e respeitado em todas elas, desfilando a cada ano em uma diferente. A \u00faltima escola em que Monsueto desfilou, em 1972, foi a Unidos de Vila Isabel. Pouco depois, quando participava das filmagens de \u201cO forte\u201d (dire\u00e7\u00e3o de Olney S\u00e3o Paulo), na Bahia, em que fazia o papel de um diretor de harmonia de escola de samba, Monsueto adoeceu e foi hospitalizado em seu Rio de Janeiro natal, onde morreu no dia 17 de mar\u00e7o de 1973, v\u00edtima de c\u00e2ncer no f\u00edgado. Entre seus hits como autor destacam-se ainda: \u201cEu quero essa mulher assim mesmo\u201d, \u201cNa casa de Ant\u00f4nio J\u00f3\u201d, \u201cO lamento da lavadeira\u201d (\u201cPara lavar a roupa da minha sinh\u00e1\u201d&#8230;) e outros presentes nesta sele\u00e7\u00e3o do GRB, que perfaz\u00a0 um total de 14 preciosas grava\u00e7\u00f5es, todas, claro, sambas. Vamos a elas, portanto. Linda Batista canta as tr\u00eas primeiras faixas, em grava\u00e7\u00f5es RCA Victor. A primeira \u00e9 \u201cLevou fermento\u201d (parceria de Monsueto com Arnaldo Passos), registro de 30 de agosto de 1956, lan\u00e7ado ainda em novembro para o carnaval de 57, disco 80-1690-B, matriz BE6VB-1286, abrindo tamb\u00e9m o LP coletivo com m\u00fasicas para essa folia, uma pr\u00e1tica da \u00e9poca tamb\u00e9m adotada\u00a0 por outras gravadoras, simbolizando uma \u00e9poca de transi\u00e7\u00e3o de formatos. Na faixa 2, Linda canta exatamente o primeiro grande sucesso de Monsueto como compositor: \u201cMe deixa em paz\u201d, parceria com Ayrton Amorim, por ela imortalizado em 6 de agosto de 1951 e lan\u00e7ado ainda em outubro sob n.o 80-0825-A, matriz S-093017, tornando-se uma das campe\u00e3s do carnaval de 52. E essa folia ainda tinha \u201cSassaricando\u201d, \u201cConfete\u201d, \u201cLata d\u2019\u00e1gua\u201d e outras mais. \u201cMe deixa em paz\u201d teve anos mais tarde, em 1971, uma \u00f3tima regrava\u00e7\u00e3o com Ala\u00edde Costa em dueto com M\u00edlton Nascimento, lan\u00e7ada em compacto simples e depois no hist\u00f3rico \u00e1lbum duplo \u201cClube da Esquina\u201d. Linda Batista ainda interpreta \u201cO gemido da saudade\u201d, parceria de Monsueto com Jos\u00e9 Batista,\u00a0 grava\u00e7\u00e3o de 2 de outubro de 1957, lan\u00e7ada em janeiro de 58 tamb\u00e9m para o carnaval, disco 80-1888-A, matriz 13-H2PB-0257, e igualmente aparecendo no primeiro dos dois LPs coletivos da marca do cachorrinho Nipper com m\u00fasicas para essa folia. Outra expressiva int\u00e9rprete de Monsueto, a paulistana Marlene, aqui comparece com\u00a0 quatro faixas. A primeira \u00e9 \u201cNa casa de Corongond\u00f3\u201d, da parceria Monsueto-Arnaldo Passos, lan\u00e7ada pela Sinter em novembro-dezembro de 1955 para o carnaval de 56, sob n.o 00-00.448-B, matriz S-1000. Dos mesmos autores, Marlene nos traz depois \u201cCanta, menina, canta\u201d, lan\u00e7ado pela mesma gravadora em maio-junho de 1955 sob n.o 00-00.395-A, matriz S-893, entrando mais tarde no LP de 10 polegadas \u201cVamos dan\u00e7ar com Marlene e seus sucessos\u201d. Em seguida, tem \u201cO couro do falecido\u201d, da parceria Monsueto \u2013Jorge de Castro, tamb\u00e9m lan\u00e7ado pela Sinter em novembro-dezembro de 1955 para o carnaval de 56, disco 00-00.440-B, matriz S-1001, e inclu\u00eddo no LP coletivo de 10 polegadas \u201cRitmos brasileiros, vol. 1 \u2013 Sambas e marchas\u201d. Este samba seria inclu\u00eddo no j\u00e1 citado espet\u00e1culo \u201cFantasias e fantasia\u201d, do Copacabana Palace, mas seu lan\u00e7amento, em 1954, coincidiu com o suic\u00eddio do ent\u00e3o presidente Get\u00falio Vargas, e a m\u00fasica foi retirada , em virtude das interpreta\u00e7\u00f5es que poderiam surgir, s\u00f3 sendo lan\u00e7ada neste registro de Marlene, mais de um ano depois do tr\u00e1gico acontecimento. Pois no lugar do \u201cCouro do falecido\u201d, foi inserida justamente a faixa seguinte, um verdadeiro cl\u00e1ssico: \u201cMora na filosofia\u201d, da dupla Monsueto-Arnaldo Passos, imortalizada pela mesma Marlene na Continental em 29 de outubro de 1954, com lan\u00e7amento em janeiro de 55 sob n.o 17047-B, matriz C-3517. Foi uma das campe\u00e3s desse carnaval, e teve regrava\u00e7\u00f5es aos cachos, inclusive por Maria Beth\u00e2nia e Caetano Veloso.\u00a0 Dircinha Batista, irm\u00e3 de Linda, aqui interpreta \u201cN\u00e3o se sabe a hora\u201d, da parceria Monsueto-Jos\u00e9 Batista, grava\u00e7\u00e3o RCA Victor de 25 de setembro de 1957, lan\u00e7ada em janeiro de 58 para o carnaval, sob n.o 80-1899-B, matriz 13-H2PB-0242, e inclu\u00edda obviamente em LP coletivo com m\u00fasicas para essa folia.Na faixa seguinte, um delicioso samba de\u00a0 Monsueto sem parceria, \u201cZiriguidum\u201d, que ele interpreta ao lado de outra expressiva sambista, Elza Soares. Grava\u00e7\u00e3o Odeon de 27 de abril de 1961, um dos destaques do LP \u201cO samba \u00e9 Elza Soares\u201d, que s\u00f3 chegou ao 78 rpm em fevereiro de 62 com o n.o \u00a014792-A, matriz 14719. Monsueto e Elza tamb\u00e9m o interpretaram no filme \u201cBriga, mulher e samba\u201d, da Lupo Filmes, dirigido por Sanin Cherques. Depois, Raul Moreno interpreta dois sambas de Monsueto que gravou para a Todam\u00e9rica em 8 de outubro de 1953, lan\u00e7ados em dezembro seguinte para o carnaval de 54 no disco TA-5387. No lado A, matriz TA-559, \u201cMulher de mau pensar\u201d, parceria de Monsueto com El\u00f3i Marques. Mas no lado B, matriz TA-558, \u00e9 que estava o maior sucesso: o cl\u00e1ssico \u201cA fonte secou\u201d, no qual o pr\u00f3prio Raul Moreno \u00e9 parceiro com Monsueto e Marcl\u00e9o, assinando com seu nome verdadeiro, Tufic Lauar. Um dos campe\u00f5es da folia de 1954, \u201cA fonte secou\u201d tamb\u00e9m tem v\u00e1rias regrava\u00e7\u00f5es e \u00e9 muito lembrado at\u00e9 hoje. Para o carnaval de 1956, Monsueto lan\u00e7aria uma sequ\u00eancia, em parceria com Geraldo Queiroz e Jos\u00e9 Batista, \u201cEu sou a fonte\u201d, que Walter Levita grava na Odeon em 26 de setembro de 1955, e \u00e9 lan\u00e7ado bem em cima da folia, em fevereiro, sob n.o 13949-A, matriz 10766, aparecendo igualmente no LP coletivo de 10 polegadas \u201cCarnaval, carnaval!\u201d. \u00a0O Monsueto int\u00e9rprete-solo aparece nas duas \u00faltimas faixas deste volume, ambas gravadas na Odeon. Primeiramente, \u201cChica da Silva\u201d, de Noel Rosa de Oliveira e Anescar, samba-enredo com o qual a escola Acad\u00eamicos do Salgueiro foi campe\u00e3 do carnaval carioca, em 1963. Teve duas grava\u00e7\u00f5es: uma pela Albatroz, com um coral da gravadora, e esta de Monsueto pela \u201cmarca do templo\u201d, feita logo ap\u00f3s o carnaval, em 19 de mar\u00e7o de 1963, e lan\u00e7ada em abril seguinte sob n.o 14848-A, matriz 15711. O lado B, matriz 15712, \u00e9 um samba do pr\u00f3prio Monsueto em parceria com Jos\u00e9 Batista, \u201cMan\u00e9 Jo\u00e3o\u201d, encerrando esta retrospectiva que o GRB dedica \u00e0 sua obra. Divirtam-se e at\u00e9 a pr\u00f3xima vez!<\/p>\n<p>* Texto de SAMUEL MACHADO FILHO<\/p>\n","protected":false},"excerpt":{"rendered":"<p>Esta semana, o Grand Record Brazil reverencia a mem\u00f3ria de outro grande compositor e sambista brasileiro, com in\u00fameros sucessos a seu cr\u00e9dito. Estamos falando de Monsueto. Batizado com o nome de Monsueto Campos de Menezes, nosso focalizado era carioca da &hellip; <a href=\"https:\/\/www.toque-musicall.com\/?p=3903\">Continue lendo <span class=\"meta-nav\">&rarr;<\/span><\/a><\/p>\n","protected":false},"author":1,"featured_media":0,"comment_status":"open","ping_status":"closed","sticky":false,"template":"","format":"standard","meta":{"footnotes":""},"categories":[223,61,11,163,103,1214,2328,13],"tags":[],"class_list":["post-3903","post","type-post","status-publish","format-standard","hentry","category-dircinha-batista","category-elza-soares","category-exclusivos-do-toque-musical","category-linda-batista","category-marlene","category-monsueto","category-raul-moreno","category-selo-grand-record-brazil"],"_links":{"self":[{"href":"https:\/\/www.toque-musicall.com\/index.php?rest_route=\/wp\/v2\/posts\/3903","targetHints":{"allow":["GET"]}}],"collection":[{"href":"https:\/\/www.toque-musicall.com\/index.php?rest_route=\/wp\/v2\/posts"}],"about":[{"href":"https:\/\/www.toque-musicall.com\/index.php?rest_route=\/wp\/v2\/types\/post"}],"author":[{"embeddable":true,"href":"https:\/\/www.toque-musicall.com\/index.php?rest_route=\/wp\/v2\/users\/1"}],"replies":[{"embeddable":true,"href":"https:\/\/www.toque-musicall.com\/index.php?rest_route=%2Fwp%2Fv2%2Fcomments&post=3903"}],"version-history":[{"count":1,"href":"https:\/\/www.toque-musicall.com\/index.php?rest_route=\/wp\/v2\/posts\/3903\/revisions"}],"predecessor-version":[{"id":3907,"href":"https:\/\/www.toque-musicall.com\/index.php?rest_route=\/wp\/v2\/posts\/3903\/revisions\/3907"}],"wp:attachment":[{"href":"https:\/\/www.toque-musicall.com\/index.php?rest_route=%2Fwp%2Fv2%2Fmedia&parent=3903"}],"wp:term":[{"taxonomy":"category","embeddable":true,"href":"https:\/\/www.toque-musicall.com\/index.php?rest_route=%2Fwp%2Fv2%2Fcategories&post=3903"},{"taxonomy":"post_tag","embeddable":true,"href":"https:\/\/www.toque-musicall.com\/index.php?rest_route=%2Fwp%2Fv2%2Ftags&post=3903"}],"curies":[{"name":"wp","href":"https:\/\/api.w.org\/{rel}","templated":true}]}}