{"id":3908,"date":"2014-02-11T23:05:29","date_gmt":"2014-02-12T01:05:29","guid":{"rendered":"http:\/\/www.toque-musicall.com\/?p=3908"},"modified":"2014-02-11T23:05:29","modified_gmt":"2014-02-12T01:05:29","slug":"vanja-orico-vanja-64-1964","status":"publish","type":"post","link":"https:\/\/www.toque-musicall.com\/?p=3908","title":{"rendered":"Vanja Orico &#8211; Vanja 64 (1964)"},"content":{"rendered":"<p><img loading=\"lazy\" decoding=\"async\" class=\"aligncenter\" alt=\"\" src=\"http:\/\/3.bp.blogspot.com\/-NJO_nSR7FuU\/Uvq4aJn0_cI\/AAAAAAAAIe8\/rKc_IJSq9wM\/s1600\/capap.JPG\" width=\"1000\" height=\"1000\" \/><img loading=\"lazy\" decoding=\"async\" class=\"aligncenter\" alt=\"\" src=\"http:\/\/3.bp.blogspot.com\/-UZyIjXL4VBU\/Uvq4R4b8LUI\/AAAAAAAAIe0\/HxYsOP-lOzI\/s1600\/contrap.JPG\" width=\"1000\" height=\"1003\" \/><\/p>\n<p>Boa noite, meus car\u00edssimos amigos cultos e ocultos! Como eu sempre falo aqui e voc\u00eas, obviamente percebem, a cada dia o meu tempo de dedica\u00e7\u00e3o ao blog fica mais escasso. Da\u00ed, acaba acontecendo esses intervalos e as resenhas&#8230; ah, essas nem se fala. Acabam ficando mornas, sem gra\u00e7a e lac\u00f4nicas. Penso ent\u00e3o que o interesse na leitura se deve ao fato do pr\u00f3prio texto. E realmente eu sei, as vezes a coisa \u00e9 bem fraquinha e desestimulante. Por essas e outras foi que eu decidi abrir o espa\u00e7o para que outros aqui resenhasse. Convidei o Samuca, Samuel Machado Filho, que prontamente e na maior anima\u00e7\u00e3o tem me ajudado, fazendo a s\u00e9rie Grand Record Brazil do Toque Musical ser bem mais que uma simples postagem. Agora, penso em incluir um novo resenhista, dando ao Toque Musical algo al\u00e9m de apenas toques e links de compartilhamento. Sempre acreditei que blog de m\u00fasica bom tem que ter mais que links e discos, precisa de um conte\u00fado textual. Com mais um refor\u00e7o chegando, espero que isso aconte\u00e7a. Quem sabe assim, os amigos aqui d\u00eaem mais aten\u00e7\u00e3o. \u00c9 s\u00f3 aguardar&#8230;<br \/>\nPois bem, aqui vai o toque musical do dia: Vanja 64. Terceiro \u00e1lbum da cantora, atriz e cineasta Vanja Orico, lan\u00e7ado pela Chantecler em 1964. Este lp \u00e9 realmente muito bom e para o meu gosto pessoal, um de seus melhores trabalhos musicais. Vanja vem acompanhada por c\u00f4ro e orquestra, sob a reg\u00eancia do maestro Francisco Morais. Aqui ela nos apresenta um repert\u00f3rio nota 10, mesclando o samba, a bossa e temas nordestinos. Quem bem pode nos apresentar este lp \u00e9 Ary Vasconcelos. \u00c9 dele o texto da contracapa. Pensei at\u00e9 em reproduz\u00ed-lo aqui, mas creio que voc\u00eas ir\u00e3o preferir ler na pr\u00f3pria contracapa. Fiquem a vontade&#8230; eu vou \u00e9 dormi<a href=\"http:\/\/depositfiles.org\/files\/nbjoljzcj\" target=\"_blank\">r<\/a>!<\/p>\n<div style=\"text-align: center;\">dandara<\/div>\n<div style=\"text-align: center;\">aruanada<\/div>\n<div style=\"text-align: center;\">afoch\u00e9<\/div>\n<div style=\"text-align: center;\">a morte do deus de sal<\/div>\n<div style=\"text-align: center;\">acender as velas<\/div>\n<div style=\"text-align: center;\">\u00e9 lampa<\/div>\n<div style=\"text-align: center;\">opini\u00e3o<\/div>\n<div style=\"text-align: center;\">maria moita<\/div>\n<div style=\"text-align: center;\">sassaru\u00ea<\/div>\n<div style=\"text-align: center;\">carroussel<\/div>\n<div style=\"text-align: center;\">o nordeste n\u00e3o se rende<\/div>\n<div style=\"text-align: center;\"><\/div>\n<div style=\"text-align: center;\">.<\/div>\n","protected":false},"excerpt":{"rendered":"<p>Boa noite, meus car\u00edssimos amigos cultos e ocultos! Como eu sempre falo aqui e voc\u00eas, obviamente percebem, a cada dia o meu tempo de dedica\u00e7\u00e3o ao blog fica mais escasso. Da\u00ed, acaba acontecendo esses intervalos e as resenhas&#8230; ah, essas &hellip; <a href=\"https:\/\/www.toque-musicall.com\/?p=3908\">Continue lendo <span class=\"meta-nav\">&rarr;<\/span><\/a><\/p>\n","protected":false},"author":1,"featured_media":0,"comment_status":"open","ping_status":"closed","sticky":false,"template":"","format":"standard","meta":{"footnotes":""},"categories":[217,1347],"tags":[],"class_list":["post-3908","post","type-post","status-publish","format-standard","hentry","category-selo-chantecler","category-vanja-orico"],"_links":{"self":[{"href":"https:\/\/www.toque-musicall.com\/index.php?rest_route=\/wp\/v2\/posts\/3908","targetHints":{"allow":["GET"]}}],"collection":[{"href":"https:\/\/www.toque-musicall.com\/index.php?rest_route=\/wp\/v2\/posts"}],"about":[{"href":"https:\/\/www.toque-musicall.com\/index.php?rest_route=\/wp\/v2\/types\/post"}],"author":[{"embeddable":true,"href":"https:\/\/www.toque-musicall.com\/index.php?rest_route=\/wp\/v2\/users\/1"}],"replies":[{"embeddable":true,"href":"https:\/\/www.toque-musicall.com\/index.php?rest_route=%2Fwp%2Fv2%2Fcomments&post=3908"}],"version-history":[{"count":1,"href":"https:\/\/www.toque-musicall.com\/index.php?rest_route=\/wp\/v2\/posts\/3908\/revisions"}],"predecessor-version":[{"id":3911,"href":"https:\/\/www.toque-musicall.com\/index.php?rest_route=\/wp\/v2\/posts\/3908\/revisions\/3911"}],"wp:attachment":[{"href":"https:\/\/www.toque-musicall.com\/index.php?rest_route=%2Fwp%2Fv2%2Fmedia&parent=3908"}],"wp:term":[{"taxonomy":"category","embeddable":true,"href":"https:\/\/www.toque-musicall.com\/index.php?rest_route=%2Fwp%2Fv2%2Fcategories&post=3908"},{"taxonomy":"post_tag","embeddable":true,"href":"https:\/\/www.toque-musicall.com\/index.php?rest_route=%2Fwp%2Fv2%2Ftags&post=3908"}],"curies":[{"name":"wp","href":"https:\/\/api.w.org\/{rel}","templated":true}]}}