{"id":391,"date":"2011-07-14T16:51:00","date_gmt":"2011-07-14T16:51:00","guid":{"rendered":"http:\/\/www.toque-musicall.com\/?p=391"},"modified":"2011-07-14T16:51:00","modified_gmt":"2011-07-14T16:51:00","slug":"romeu-feres-e-orquestra-e-coro-de-luiz-arruda-paes-tardes-orientais-1957","status":"publish","type":"post","link":"https:\/\/www.toque-musicall.com\/?p=391","title":{"rendered":"Romeu F\u00e9res e Orquestra E Coro De Luiz Arruda Paes &#8211; Tardes Orientais (1957)"},"content":{"rendered":"<div style=\"clear: both; text-align: center;\"><a href=\"http:\/\/2.bp.blogspot.com\/-VYdHj8JCKlE\/Th8MmxsFsOI\/AAAAAAAAINU\/TGoxrHrFVXE\/s1600\/romeu+P.JPG\" style=\"margin-left: 1em; margin-right: 1em;\"><img loading=\"lazy\" decoding=\"async\" border=\"0\" height=\"400\" src=\"http:\/\/2.bp.blogspot.com\/-VYdHj8JCKlE\/Th8MmxsFsOI\/AAAAAAAAINU\/TGoxrHrFVXE\/s400\/romeu+P.JPG\" width=\"395\" \/><\/a><\/div>\n<p>Boa tarde, amigos cultos e ocultos! Finalmente estou de f\u00e9rias!!! T\u00f4 viajando no domingo, sem falta! Finalmente voc\u00eas poder\u00e3o ficar livres de mim at\u00e9 o fim do m\u00eas. S\u00f3 volto em agosto, se Deus quiser.<br \/>Como \u00faltima postagem, vou trazendo para voc\u00eas um disco diferente. Nada de \u00a0Samba, Bossa Nova, Bai\u00e3o ou Xaxado. Nada de MPB&#8230; Pode parecer estranho, afinal o Toque Musical \u00e9 um blog voltado para a m\u00fasica brasileira. Mas, n\u00e3o podemos esquecer, \u00e9 tamb\u00e9m um espa\u00e7o para a produ\u00e7\u00e3o internacional quando esta se faz pertinente, ou relacionada \u00e0 temas e artistas brasileiros. \u00c9 o caso desde disquinho de 10 polegadas, lan\u00e7ado em 1957 pelo Odeon.<br \/>Temos aqui o cantor de origem libanesa Romeu F\u00e9res, acompanhado de c\u00f4ro e a orquestra do Maestro Luiz Arruda Paes. Embora o repert\u00f3rio seja totalmente de m\u00fasica \u00e1rabe, o disco foi gravado aqui no Brasil. &#8220;Tardes Orientais&#8221; nasceu em consequ\u00eancia do sucesso de um outro disco, &#8220;J\u00f3ias \u00c1rabes&#8221;,\u00a0lan\u00e7ado pela mesma gravadora um ano antes e com o mesmo cantor. Muitos acreditam que Romeu F\u00e9res fosse tamb\u00e9m \u00e1rabe, mas ele nasceu em S\u00e3o Paulo, em 1918. Com um descendente \u00e1rabe, foi criado dentro das tradi\u00e7\u00f5es de seus pais. Tocava ala\u00fade, um dos mais antigos instrumentos de cordas do mundo. \u00c9 considerado o primeiro cantor profissional da m\u00fasica \u00e1rabe no Brasil. Iniciou a sua carreira nos anos 40, onde atuou no Cassino da Urca, ao lado de outros grandes nomes como Elvira Rios, Pedro Vargas e Jos\u00e9 Mojica. Cantava em sete idiomas, o que lhe dava um leque de um amplo repert\u00f3rio internacional. \u00a0Suas primeiras grava\u00e7\u00f5es sa\u00edram pelo selo Continental. Gravou m\u00fasica brasileira, vers\u00f5es e outras em idiomas franc\u00eas, ingl\u00eas, italiano, alem\u00e3o, espanhol e \u00e1rabe. Atuou n\u00e3o apenas no Brasil, mas tamb\u00e9m na Europa e em pa\u00edses da Am\u00e9rica do Sul. Como a comunidade \u00e1rabe no Brasil \u00e9 muito grande, F\u00e9res fez sucesso com seu disco &#8220;J\u00f3ias \u00e1rabes&#8221; e por conta disso, no ano seguinte lan\u00e7ou este &#8220;Tardes Orientais&#8221;, um \u00e1lbum com oito bel\u00edssimas can\u00e7\u00f5es de autoria do pr\u00f3prio Romeu F\u00e9res em parceria com o poeta \u00e1rabe Tanios Baaklini. Os arranjos e orquestra\u00e7\u00e3o s\u00e3o de Luiz Arruda Paes, que procurou ser o mais fiel na aproxima\u00e7\u00e3o com o estilo musical \u00e1rabe. Um disco realmente interessante e curioso. Vale conferir!<\/p>\n<div style=\"text-align: center;\">sonho de amor<\/div>\n<div style=\"text-align: center;\">minha saudade<\/div>\n<div style=\"text-align: center;\">minha morena<\/div>\n<div style=\"text-align: center;\">rosana<\/div>\n<div style=\"text-align: center;\">barhum<\/div>\n<div style=\"text-align: center;\">mach al<\/div>\n<div style=\"text-align: center;\">tempos amargos<\/div>\n<div style=\"text-align: center;\">dabik<\/div>\n","protected":false},"excerpt":{"rendered":"<p>Boa tarde, amigos cultos e ocultos! Finalmente estou de f\u00e9rias!!! T\u00f4 viajando no domingo, sem falta! Finalmente voc\u00eas poder\u00e3o ficar livres de mim at\u00e9 o fim do m\u00eas. S\u00f3 volto em agosto, se Deus quiser.Como \u00faltima postagem, vou trazendo para &hellip; <a href=\"https:\/\/www.toque-musicall.com\/?p=391\">Continue lendo <span class=\"meta-nav\">&rarr;<\/span><\/a><\/p>\n","protected":false},"author":1,"featured_media":0,"comment_status":"open","ping_status":"closed","sticky":false,"template":"","format":"standard","meta":{"footnotes":""},"categories":[630,631,86],"tags":[],"class_list":["post-391","post","type-post","status-publish","format-standard","hentry","category-luiz-arruda-paes","category-romeu-feres","category-selo-odeon"],"_links":{"self":[{"href":"https:\/\/www.toque-musicall.com\/index.php?rest_route=\/wp\/v2\/posts\/391","targetHints":{"allow":["GET"]}}],"collection":[{"href":"https:\/\/www.toque-musicall.com\/index.php?rest_route=\/wp\/v2\/posts"}],"about":[{"href":"https:\/\/www.toque-musicall.com\/index.php?rest_route=\/wp\/v2\/types\/post"}],"author":[{"embeddable":true,"href":"https:\/\/www.toque-musicall.com\/index.php?rest_route=\/wp\/v2\/users\/1"}],"replies":[{"embeddable":true,"href":"https:\/\/www.toque-musicall.com\/index.php?rest_route=%2Fwp%2Fv2%2Fcomments&post=391"}],"version-history":[{"count":0,"href":"https:\/\/www.toque-musicall.com\/index.php?rest_route=\/wp\/v2\/posts\/391\/revisions"}],"wp:attachment":[{"href":"https:\/\/www.toque-musicall.com\/index.php?rest_route=%2Fwp%2Fv2%2Fmedia&parent=391"}],"wp:term":[{"taxonomy":"category","embeddable":true,"href":"https:\/\/www.toque-musicall.com\/index.php?rest_route=%2Fwp%2Fv2%2Fcategories&post=391"},{"taxonomy":"post_tag","embeddable":true,"href":"https:\/\/www.toque-musicall.com\/index.php?rest_route=%2Fwp%2Fv2%2Ftags&post=391"}],"curies":[{"name":"wp","href":"https:\/\/api.w.org\/{rel}","templated":true}]}}