{"id":3917,"date":"2014-02-13T23:35:18","date_gmt":"2014-02-14T01:35:18","guid":{"rendered":"http:\/\/www.toque-musicall.com\/?p=3917"},"modified":"2014-02-14T08:57:00","modified_gmt":"2014-02-14T10:57:00","slug":"vanja-orico-e-a-t-b-samba-a-passarela-do-samba-1984","status":"publish","type":"post","link":"https:\/\/www.toque-musicall.com\/?p=3917","title":{"rendered":"Vanja Orico E A T. B. Samba &#8211; A Passarela Do Samba (1984)"},"content":{"rendered":"<p><img loading=\"lazy\" decoding=\"async\" class=\"aligncenter\" alt=\"\" src=\"http:\/\/3.bp.blogspot.com\/-JiNEqblU_iw\/Uv1uxWFOWhI\/AAAAAAAAIfs\/qVIOhWc6Yc0\/s1600\/capap.JPG\" width=\"1000\" height=\"1010\" \/><img loading=\"lazy\" decoding=\"async\" class=\"aligncenter\" alt=\"\" src=\"http:\/\/2.bp.blogspot.com\/-u-ne-tQwtW0\/Uv1uj2dAciI\/AAAAAAAAIfk\/515XP3VwISE\/s1600\/contrap.JPG\" width=\"1000\" height=\"998\" \/>\u00a0Boa noite, amigos cultos e ocultos! Quando n\u00e3o estou com pressa, estou atrasado, o que quer dizer quase a mesma coisa. Essa semana t\u00e1 pegando! Ontem eu at\u00e9 esqueci de publicar a postagem que fiz, s\u00f3 percebi isso agora a pouco. Sorte \u00e9 que j\u00e1 estava tudo pronto, foi s\u00f3 por \u00e0 p\u00fablico. Como hoje so me sobrou esses \u00faltimos 30 minutos do dia, vou aqui lan\u00e7ando m\u00e3o de outro que j\u00e1 estava na &#8221;gaveta&#8217;. Para ser r\u00e1pido, escolhi um compacto, por sinal, bem oportuno. No in\u00edcio da semana eu havia postado um disco da Vanja Orico, vi que todos gostaram, decidi ent\u00e3o postar este compacto tamb\u00e9m. Um disco bem apropriado para o momento tamb\u00e9m pelo fato de que j\u00e1 estamos perto do Carnaval. Embora eu n\u00e3o tenha encontrado, numa r\u00e1pida pesquisa, qualquer informa\u00e7\u00e3o descente sobre este compacto, tudo me leva a crer que ele foi lan\u00e7ado \u00a0pr\u00f3ximo da inaugura\u00e7\u00e3o do Sambodromo do Rio. O disquinho, inclusive \u00e9 uma produ\u00e7\u00e3o da Secretaria de Turismo do Rio e Funarj, voltado para a tem\u00e1tica carnavalesca e mais exatamente ao Samb\u00f3dromo, onde acontecem os desfiles das Escolas de Samba. No disco, apenas duas m\u00fasicas, Compacto simples, mas j\u00e1 uma raridade que vale conhece<a href=\"http:\/\/depositfiles.org\/files\/7csvb68dt\" target=\"_blank\">r<\/a>.<\/p>\n<div style=\"text-align: center;\">a passarela do samba<\/div>\n<div style=\"text-align: center;\">bandeira da vida<\/div>\n<div style=\"text-align: center;\"><\/div>\n<div style=\"text-align: center;\">.<\/div>\n","protected":false},"excerpt":{"rendered":"<p>\u00a0Boa noite, amigos cultos e ocultos! Quando n\u00e3o estou com pressa, estou atrasado, o que quer dizer quase a mesma coisa. Essa semana t\u00e1 pegando! Ontem eu at\u00e9 esqueci de publicar a postagem que fiz, s\u00f3 percebi isso agora a &hellip; <a href=\"https:\/\/www.toque-musicall.com\/?p=3917\">Continue lendo <span class=\"meta-nav\">&rarr;<\/span><\/a><\/p>\n","protected":false},"author":1,"featured_media":0,"comment_status":"open","ping_status":"closed","sticky":false,"template":"","format":"standard","meta":{"footnotes":""},"categories":[93,25,201],"tags":[],"class_list":["post-3917","post","type-post","status-publish","format-standard","hentry","category-compactos","category-selo-independente","category-vanja-orinco"],"_links":{"self":[{"href":"https:\/\/www.toque-musicall.com\/index.php?rest_route=\/wp\/v2\/posts\/3917","targetHints":{"allow":["GET"]}}],"collection":[{"href":"https:\/\/www.toque-musicall.com\/index.php?rest_route=\/wp\/v2\/posts"}],"about":[{"href":"https:\/\/www.toque-musicall.com\/index.php?rest_route=\/wp\/v2\/types\/post"}],"author":[{"embeddable":true,"href":"https:\/\/www.toque-musicall.com\/index.php?rest_route=\/wp\/v2\/users\/1"}],"replies":[{"embeddable":true,"href":"https:\/\/www.toque-musicall.com\/index.php?rest_route=%2Fwp%2Fv2%2Fcomments&post=3917"}],"version-history":[{"count":2,"href":"https:\/\/www.toque-musicall.com\/index.php?rest_route=\/wp\/v2\/posts\/3917\/revisions"}],"predecessor-version":[{"id":3919,"href":"https:\/\/www.toque-musicall.com\/index.php?rest_route=\/wp\/v2\/posts\/3917\/revisions\/3919"}],"wp:attachment":[{"href":"https:\/\/www.toque-musicall.com\/index.php?rest_route=%2Fwp%2Fv2%2Fmedia&parent=3917"}],"wp:term":[{"taxonomy":"category","embeddable":true,"href":"https:\/\/www.toque-musicall.com\/index.php?rest_route=%2Fwp%2Fv2%2Fcategories&post=3917"},{"taxonomy":"post_tag","embeddable":true,"href":"https:\/\/www.toque-musicall.com\/index.php?rest_route=%2Fwp%2Fv2%2Ftags&post=3917"}],"curies":[{"name":"wp","href":"https:\/\/api.w.org\/{rel}","templated":true}]}}