{"id":3924,"date":"2014-02-15T23:28:51","date_gmt":"2014-02-16T01:28:51","guid":{"rendered":"http:\/\/www.toque-musicall.com\/?p=3924"},"modified":"2014-02-15T23:28:51","modified_gmt":"2014-02-16T01:28:51","slug":"ritmos-e-melodias-na-musica-popular-disco-1-musica-moderna-popular-brasileira-1966","status":"publish","type":"post","link":"https:\/\/www.toque-musicall.com\/?p=3924","title":{"rendered":"Ritmos E Melodias Na M\u00fasica Popular &#8211; Disco 1 &#8211; M\u00fasica Moderna Popular Brasileira (1966)"},"content":{"rendered":"<p><img loading=\"lazy\" decoding=\"async\" class=\"aligncenter\" alt=\"\" src=\"http:\/\/3.bp.blogspot.com\/-Tmq3K_krX2M\/UwAE1fEBt-I\/AAAAAAAAIgk\/c_OuwQwAUKc\/s1600\/capa+caixa+p.JPG\" width=\"1000\" height=\"990\" \/><img loading=\"lazy\" decoding=\"async\" class=\"aligncenter\" alt=\"\" src=\"http:\/\/2.bp.blogspot.com\/-DzQDqyK4BlE\/UwAEuVoTjHI\/AAAAAAAAIgc\/NumpIgW4M_0\/s1600\/capa.JPG\" width=\"1583\" height=\"1600\" \/><img loading=\"lazy\" decoding=\"async\" class=\"aligncenter\" alt=\"\" src=\"http:\/\/1.bp.blogspot.com\/-0EWIJ2euWCM\/UwAEk6j2uGI\/AAAAAAAAIgU\/bsRjFX7ZL8k\/s1600\/int2.JPG\" width=\"1567\" height=\"1600\" \/><\/p>\n<p>Boa noite, meus prezados amigos cultos e ocultos! Hoje eu estou trazendo para voc\u00eas uma super colet\u00e2nea lan\u00e7ada pela Abril Cultural nos anos 60. Trata-se de uma caixa, cujo o t\u00edtulo \u00e9 &#8220;Ritmos e Melodias na M\u00fasica Popular&#8221;. Esta \u00e9 uma daquelas caixas de discos que todo lar de classe m\u00e9dia tinha. Eram vendidas por correspond\u00eancia, anunciadas nas revistas tamb\u00e9m produzidas por essa editora. Como se poder ver pela ilustra\u00e7\u00e3o, este box traz seis discos, cada qual apresentando um estilo. Obviamente, eu n\u00e3o irei post\u00e1-los todos de uma s\u00f3 vez. Para me facilitar e manter voc\u00eas cativos, irei apresentando cada disco na sequ\u00eancia dos pr\u00f3ximos s\u00e1bados, ok?<br \/>\nCome\u00e7amos ent\u00e3o com &#8220;M\u00fasica Moderna Popular Brasileira&#8221;, que \u00e9 o volume 1. Neste disco iremos encontrar alguns genu\u00ednos representantes do que era o moderno at\u00e9 ent\u00e3o, a Bossa Nova. Artistas e m\u00fasicas memor\u00e1veis, verdadeiros cl\u00e1ssicos da nossa MPB. As m\u00fasicas foram extra\u00eddas de diferentes \u00e1lbuns, mas todos da mesma gravadora CBD\/Philips. Vamos l<a href=\"http:\/\/depositfiles.org\/files\/twhdgoy2b\" target=\"_blank\">\u00e1<\/a>&#8230;<\/p>\n<div style=\"text-align: center;\">batucada &#8211; tamba trio<\/div>\n<div style=\"text-align: center;\">chuva &#8211; os gatos<\/div>\n<div style=\"text-align: center;\">nan\u00e3 &#8211; sergio mendes e bossa rio<\/div>\n<div style=\"text-align: center;\">primavera &#8211; luiz e\u00e7a<\/div>\n<div style=\"text-align: center;\">preciso aprender a ser s\u00f3 &#8211; rio 65 trio<\/div>\n<div style=\"text-align: center;\">imagem &#8211; luiz e\u00e7a<\/div>\n<div style=\"text-align: center;\">arrast\u00e3o &#8211; walter wanderley<\/div>\n<div style=\"text-align: center;\">reza &#8211; tamba trio<\/div>\n<div style=\"text-align: center;\">chegan\u00e7a &#8211; luiz e\u00e7a<\/div>\n<div style=\"text-align: center;\">garota de ipanema &#8211; tamba trio<\/div>\n<div style=\"text-align: center;\">ela \u00e9 carioca &#8211; sergio mendes e bossa rio<\/div>\n<div style=\"text-align: center;\">a minha namorada &#8211; rio 65 trio<\/div>\n<div style=\"text-align: center;\"><\/div>\n<div style=\"text-align: center;\">.<\/div>\n","protected":false},"excerpt":{"rendered":"<p>Boa noite, meus prezados amigos cultos e ocultos! Hoje eu estou trazendo para voc\u00eas uma super colet\u00e2nea lan\u00e7ada pela Abril Cultural nos anos 60. Trata-se de uma caixa, cujo o t\u00edtulo \u00e9 &#8220;Ritmos e Melodias na M\u00fasica Popular&#8221;. Esta \u00e9 &hellip; <a href=\"https:\/\/www.toque-musicall.com\/?p=3924\">Continue lendo <span class=\"meta-nav\">&rarr;<\/span><\/a><\/p>\n","protected":false},"author":1,"featured_media":0,"comment_status":"open","ping_status":"closed","sticky":false,"template":"","format":"standard","meta":{"footnotes":""},"categories":[1464,2330,1541,563,294,286],"tags":[],"class_list":["post-3924","post","type-post","status-publish","format-standard","hentry","category-luiz-eca","category-rio-65-trio","category-selo-abril-cultural","category-sergio-mendes","category-tamba-trio","category-walter-wanderley"],"_links":{"self":[{"href":"https:\/\/www.toque-musicall.com\/index.php?rest_route=\/wp\/v2\/posts\/3924","targetHints":{"allow":["GET"]}}],"collection":[{"href":"https:\/\/www.toque-musicall.com\/index.php?rest_route=\/wp\/v2\/posts"}],"about":[{"href":"https:\/\/www.toque-musicall.com\/index.php?rest_route=\/wp\/v2\/types\/post"}],"author":[{"embeddable":true,"href":"https:\/\/www.toque-musicall.com\/index.php?rest_route=\/wp\/v2\/users\/1"}],"replies":[{"embeddable":true,"href":"https:\/\/www.toque-musicall.com\/index.php?rest_route=%2Fwp%2Fv2%2Fcomments&post=3924"}],"version-history":[{"count":1,"href":"https:\/\/www.toque-musicall.com\/index.php?rest_route=\/wp\/v2\/posts\/3924\/revisions"}],"predecessor-version":[{"id":3929,"href":"https:\/\/www.toque-musicall.com\/index.php?rest_route=\/wp\/v2\/posts\/3924\/revisions\/3929"}],"wp:attachment":[{"href":"https:\/\/www.toque-musicall.com\/index.php?rest_route=%2Fwp%2Fv2%2Fmedia&parent=3924"}],"wp:term":[{"taxonomy":"category","embeddable":true,"href":"https:\/\/www.toque-musicall.com\/index.php?rest_route=%2Fwp%2Fv2%2Fcategories&post=3924"},{"taxonomy":"post_tag","embeddable":true,"href":"https:\/\/www.toque-musicall.com\/index.php?rest_route=%2Fwp%2Fv2%2Ftags&post=3924"}],"curies":[{"name":"wp","href":"https:\/\/api.w.org\/{rel}","templated":true}]}}