{"id":393,"date":"2011-07-12T12:56:00","date_gmt":"2011-07-12T12:56:00","guid":{"rendered":"http:\/\/www.toque-musicall.com\/?p=393"},"modified":"2011-07-12T12:56:00","modified_gmt":"2011-07-12T12:56:00","slug":"juca-mestre-and-his-brasileiros-panorama-musical-do-brasil-1962","status":"publish","type":"post","link":"https:\/\/www.toque-musicall.com\/?p=393","title":{"rendered":"Juca Mestre And His Brasileiros &#8211; Panorama Musical Do Brasil (1962)"},"content":{"rendered":"<div style=\"clear: both; text-align: center;\"><a href=\"http:\/\/1.bp.blogspot.com\/-sZKl0goUluc\/ThwzMfzkGOI\/AAAAAAAAINE\/yT7il-XHj1g\/s1600\/juca+P.JPG\" style=\"margin-left: 1em; margin-right: 1em;\"><img loading=\"lazy\" decoding=\"async\" border=\"0\" height=\"392\" src=\"http:\/\/1.bp.blogspot.com\/-sZKl0goUluc\/ThwzMfzkGOI\/AAAAAAAAINE\/yT7il-XHj1g\/s400\/juca+P.JPG\" width=\"400\" \/><\/a><\/div>\n<p>Mais um muito bom dia a todos os amigos cultos e ocultos! \u00c0 medida em que vou me aproximando das f\u00e9rias os dias parecem ficar ainda mais bonitos. Que maravilha! J\u00e1 estou com tudo pronto&#8230;<br \/>Na sequ\u00eancia da semana, vamos agora com outro disco, tamb\u00e9m uma raridade, objeto de desejo de muitos disc\u00f3filos e colecionadores. Vale uma nota boa um exemplar como este. Disco gravado para gringo, ou seja, um trabalho feito no capricho. Grava\u00e7\u00f5es de alta qualidade, feitas em equipamento de ponta da \u00e9poca, coisa que ainda hoje muito est\u00fadio digital nem chega perto. Este \u00e1lbum, quando tocado em um bom aparelho, com uma boa agulha e boas caixas de som faz a gente sentir o que um mp3 jamais conseguiria nos dar. Estou dizendo isso, mas n\u00e3o sou do tipo que se preocupa tanto com a pureza do som a n\u00edvel de incluirmos aqui uma vers\u00e3o em flac ou wave. Um mp3 de 320 kbps j\u00e1 t\u00e1 de bom tamanho, pelo menos para mim.<br \/>Segue assim este \u00e1lbum supimpa, um disco que agrada de cara a qualquer um, principalmente os estrangeiros. Temos aqui Juca Mestre e Seus Brasileiros, um nome fict\u00edcio, que esconde, principalmente na vers\u00e3o brasileira do lp o verdadeiro mestre que direciona o conjunto, Severino Filho. Acredito que no \u00e1lbum lan\u00e7ado no Brasil, no texto da contracapa, por quest\u00f5es contratuais, o nome de Severino n\u00e3o podia aparecer.<br \/>&#8220;Panorama Musical do Brasil&#8221; \u00e9 mesmo um retrato pintado por gringos, que at\u00e9 ent\u00e3o s\u00f3 conseguiam ouvir o que ecoava no Rio de Janeiro. Ali\u00e1s, o disco deveria ter mesmo esse nome, &#8220;Panorama Musical Carioca&#8221;. Tem tudo a ver e a ouvir. Um disco s\u00f3 de samba, com o l\u00edder dOs Cariocas (embora seja paraense) e uma capa onde o Brasil \u00e9 apenas um postal do Rio de Janeiro. T\u00e1 certo, foi por l\u00e1 que se fez a porteira do Brasil.<\/p>\n<div style=\"text-align: center;\">apito no samba<\/div>\n<div style=\"text-align: center;\">mulata assanhada<\/div>\n<div style=\"text-align: center;\">poema do adeus<\/div>\n<div style=\"text-align: center;\">covarde<\/div>\n<div style=\"text-align: center;\">arrasta a sand\u00e1lia<\/div>\n<div style=\"text-align: center;\">mundo de zinco &#8211; eu chorarei amanh\u00e3 &#8211; lata d&#8217;agua<\/div>\n<div style=\"text-align: center;\">n\u00e3o me diga adeus<\/div>\n<div style=\"text-align: center;\">chora tua tristeza<\/div>\n<div style=\"text-align: center;\">implorar\u00a0<\/div>\n<div style=\"text-align: center;\">o amor e a rosa<\/div>\n<div style=\"text-align: center;\">recordar<\/div>\n<div style=\"text-align: center;\">madeira de lei<\/div>\n<div style=\"text-align: center;\">\u00e9 com esse que eu vou<\/div>\n<div style=\"text-align: center;\"><\/div>\n<div style=\"text-align: center;\"><\/div>\n","protected":false},"excerpt":{"rendered":"<p>Mais um muito bom dia a todos os amigos cultos e ocultos! \u00c0 medida em que vou me aproximando das f\u00e9rias os dias parecem ficar ainda mais bonitos. Que maravilha! J\u00e1 estou com tudo pronto&#8230;Na sequ\u00eancia da semana, vamos agora &hellip; <a href=\"https:\/\/www.toque-musicall.com\/?p=393\">Continue lendo <span class=\"meta-nav\">&rarr;<\/span><\/a><\/p>\n","protected":false},"author":1,"featured_media":0,"comment_status":"open","ping_status":"closed","sticky":false,"template":"","format":"standard","meta":{"footnotes":""},"categories":[634,455,635],"tags":[],"class_list":["post-393","post","type-post","status-publish","format-standard","hentry","category-juca-mestre-and-his-brasileiros","category-selo-audio-fidelity","category-severino-filho"],"_links":{"self":[{"href":"https:\/\/www.toque-musicall.com\/index.php?rest_route=\/wp\/v2\/posts\/393","targetHints":{"allow":["GET"]}}],"collection":[{"href":"https:\/\/www.toque-musicall.com\/index.php?rest_route=\/wp\/v2\/posts"}],"about":[{"href":"https:\/\/www.toque-musicall.com\/index.php?rest_route=\/wp\/v2\/types\/post"}],"author":[{"embeddable":true,"href":"https:\/\/www.toque-musicall.com\/index.php?rest_route=\/wp\/v2\/users\/1"}],"replies":[{"embeddable":true,"href":"https:\/\/www.toque-musicall.com\/index.php?rest_route=%2Fwp%2Fv2%2Fcomments&post=393"}],"version-history":[{"count":0,"href":"https:\/\/www.toque-musicall.com\/index.php?rest_route=\/wp\/v2\/posts\/393\/revisions"}],"wp:attachment":[{"href":"https:\/\/www.toque-musicall.com\/index.php?rest_route=%2Fwp%2Fv2%2Fmedia&parent=393"}],"wp:term":[{"taxonomy":"category","embeddable":true,"href":"https:\/\/www.toque-musicall.com\/index.php?rest_route=%2Fwp%2Fv2%2Fcategories&post=393"},{"taxonomy":"post_tag","embeddable":true,"href":"https:\/\/www.toque-musicall.com\/index.php?rest_route=%2Fwp%2Fv2%2Ftags&post=393"}],"curies":[{"name":"wp","href":"https:\/\/api.w.org\/{rel}","templated":true}]}}