{"id":3940,"date":"2014-02-19T22:53:21","date_gmt":"2014-02-20T01:53:21","guid":{"rendered":"http:\/\/www.toque-musicall.com\/?p=3940"},"modified":"2014-02-20T10:58:42","modified_gmt":"2014-02-20T13:58:42","slug":"carlos-parana-a-musica-de-carlos-parana-1972","status":"publish","type":"post","link":"https:\/\/www.toque-musicall.com\/?p=3940","title":{"rendered":"Carlos Paran\u00e1 &#8211; A M\u00fasica De Carlos Paran\u00e1 (1972)"},"content":{"rendered":"<p><img loading=\"lazy\" decoding=\"async\" class=\"aligncenter\" alt=\"\" src=\"http:\/\/2.bp.blogspot.com\/-D2DXc20XxiY\/UwVoTcCaCqI\/AAAAAAAAIiM\/Zv6vCiSx93w\/s1600\/folder.jpg\" width=\"1599\" height=\"1600\" \/><img loading=\"lazy\" decoding=\"async\" class=\"aligncenter\" alt=\"\" src=\"http:\/\/4.bp.blogspot.com\/-tl-VXhOrjRs\/UwVoJRLa3EI\/AAAAAAAAIiE\/erjvblC6CWE\/s1600\/contra.JPG\" width=\"1600\" height=\"1598\" \/><\/p>\n<p>Boa noite, prezados amigos cultos e ocultos! Por mais que eu fale, repita, escreva e divulgue uma informa\u00e7\u00e3o aqui no TM, ainda assim vai ter gente perguntando: cad\u00ea o link? As vezes, sinceramente, n\u00e3o d\u00e1 vontade de responder. E tem n\u00eago que chega a ficar indignado porque n\u00e3o encontra o link, como seu eu tivesse a obriga\u00e7\u00e3o de mant\u00ea-los todos ativo. Parece at\u00e9 que est\u00e3o pagando mensalidades para ser s\u00f3cio do Toque Musical. Desculpem, mas a fila anda! Quem n\u00e3o chegou a tempo, n\u00e3o tem o direito de reclamar. At\u00e9 porque, eu ainda ofere\u00e7o uma segunda chance. Quem quer, sabe da valor!<br \/>\nBom, aqui vai o disco do dia, &#8220;A M\u00fasica de Carlos Paran\u00e1&#8221;, um \u00e1lbum p\u00f3stumo, produzindo por Marcus Pereira, pouco tempo ap\u00f3s a morte do compositor Luiz Carlos Paran\u00e1. O que faz um artista como este merecer um disco p\u00f3stumo, sendo que nunca tenha antes gravado nada? Pelo texto da contracapa, assinado \u00a0por Marcus Pereira e tamb\u00e9m outro de Paulo Vanzolini j\u00e1 d\u00e1 para se ter uma ideia. Carlos Paran\u00e1 \u00e9 um daqueles caras que saem do nada, chega ao Rio de Janeiro e se transformam. Por sorte ou por destino seu caminho se cruza com o daqueles que fizeram e fazem as coisas, no campo da m\u00fasica, acontecerem. De entrada (ou de sa\u00edda) ele j\u00e1 come\u00e7a bem, dividindo um quarto de pens\u00e3o com Jo\u00e3o Gilberto, logo que chega ao Rio, nos anos 50. N\u00e3o sei se por influ\u00eancia, gosto ou necessidade, ele tendo l\u00e1 seus dons musicais, passa a tocar na noite, como faziam seus companheiros. E certamente, convivendo neste ambiente, o cara, se esperto e talentoso, tem tudo para se dar bem. E ele se deu. Nos anos 60 mudou-se para Sampa onde foi trabalhar com dire\u00e7\u00e3o art\u00edstica numa das melhores casas noturnas da \u00e9poca. O contato crescente com os mais famosos e talentos artistas da \u00e9poca, levou-o em seguida a abrir o seu pr\u00f3prio neg\u00f3cio, a famosa e saudosa boate &#8220;O Jogral&#8221;, frequentada pela nata da MPB, local onde, obviamente, ele tamb\u00e9m se apresentava. Como disse o Paulo Vanzolini, &#8220;ele n\u00e3o teve tempo para fazer muito, mas sempre teve para fazer \u00f3timo&#8221;.<br \/>\nEste \u00e1lbum reuni alguma coisa que por ele foi gravado e dirigido (o \u00e1lbum sonhado) com a participa\u00e7\u00e3o de parceiros e dois de seus int\u00e9rpretes, Em\u00edlio Escobar e Adalto Santos. Ficou um disco bem bonito, uma justa homenagem a um artista que preferiu muito mais ficar nos bastidor<a href=\"http:\/\/depositfiles.org\/files\/8ocj2ictn\" target=\"_blank\">e<\/a>s.<\/p>\n<div style=\"text-align: center;\">resigna\u00e7\u00e3o &#8211; carlos paran\u00e1<\/div>\n<div style=\"text-align: center;\">vou morrer de amor &#8211; carlos paran\u00e1<\/div>\n<div style=\"text-align: center;\">maria, carnaval e cinzas &#8211; adauto santos<\/div>\n<div style=\"text-align: center;\">nem se quer uma rosa &#8211; emilio escobar<\/div>\n<div style=\"text-align: center;\">de amor ou paz &#8211; adauto santos<\/div>\n<div style=\"text-align: center;\">queira &#8211; emilio escobar<\/div>\n<div style=\"text-align: center;\">de um s\u00f3 amor &#8211; adauto santos<\/div>\n<div style=\"text-align: center;\">cafezal em flor &#8211; carlos paran\u00e1<\/div>\n<div style=\"text-align: center;\">se for pra medir saudade &#8211; emilio escobar<\/div>\n<div style=\"text-align: center;\">canoa vazia &#8211; adauto santos<\/div>\n<div style=\"text-align: center;\">marcha do amor sem esperan\u00e7a &#8211; em\u00edlio escobar<\/div>\n<div style=\"text-align: center;\">voc\u00ea merece um tango &#8211; em\u00edlio escobar<\/div>\n<div style=\"text-align: center;\">\u00faltimo canto &#8211; adauto santos<\/div>\n<div style=\"text-align: center;\"><\/div>\n<div style=\"text-align: center;\">.<\/div>\n","protected":false},"excerpt":{"rendered":"<p>Boa noite, prezados amigos cultos e ocultos! Por mais que eu fale, repita, escreva e divulgue uma informa\u00e7\u00e3o aqui no TM, ainda assim vai ter gente perguntando: cad\u00ea o link? As vezes, sinceramente, n\u00e3o d\u00e1 vontade de responder. E tem &hellip; <a href=\"https:\/\/www.toque-musicall.com\/?p=3940\">Continue lendo <span class=\"meta-nav\">&rarr;<\/span><\/a><\/p>\n","protected":false},"author":1,"featured_media":0,"comment_status":"open","ping_status":"closed","sticky":false,"template":"","format":"standard","meta":{"footnotes":""},"categories":[1705,1356,1540,66],"tags":[],"class_list":["post-3940","post","type-post","status-publish","format-standard","hentry","category-adauto-santos","category-emilio-escobar","category-luiz-carlos-parana","category-selo-som-livre"],"_links":{"self":[{"href":"https:\/\/www.toque-musicall.com\/index.php?rest_route=\/wp\/v2\/posts\/3940","targetHints":{"allow":["GET"]}}],"collection":[{"href":"https:\/\/www.toque-musicall.com\/index.php?rest_route=\/wp\/v2\/posts"}],"about":[{"href":"https:\/\/www.toque-musicall.com\/index.php?rest_route=\/wp\/v2\/types\/post"}],"author":[{"embeddable":true,"href":"https:\/\/www.toque-musicall.com\/index.php?rest_route=\/wp\/v2\/users\/1"}],"replies":[{"embeddable":true,"href":"https:\/\/www.toque-musicall.com\/index.php?rest_route=%2Fwp%2Fv2%2Fcomments&post=3940"}],"version-history":[{"count":1,"href":"https:\/\/www.toque-musicall.com\/index.php?rest_route=\/wp\/v2\/posts\/3940\/revisions"}],"predecessor-version":[{"id":3941,"href":"https:\/\/www.toque-musicall.com\/index.php?rest_route=\/wp\/v2\/posts\/3940\/revisions\/3941"}],"wp:attachment":[{"href":"https:\/\/www.toque-musicall.com\/index.php?rest_route=%2Fwp%2Fv2%2Fmedia&parent=3940"}],"wp:term":[{"taxonomy":"category","embeddable":true,"href":"https:\/\/www.toque-musicall.com\/index.php?rest_route=%2Fwp%2Fv2%2Fcategories&post=3940"},{"taxonomy":"post_tag","embeddable":true,"href":"https:\/\/www.toque-musicall.com\/index.php?rest_route=%2Fwp%2Fv2%2Ftags&post=3940"}],"curies":[{"name":"wp","href":"https:\/\/api.w.org\/{rel}","templated":true}]}}