{"id":3955,"date":"2014-02-23T18:31:25","date_gmt":"2014-02-23T21:31:25","guid":{"rendered":"http:\/\/www.toque-musicall.com\/?p=3955"},"modified":"2014-02-23T18:34:15","modified_gmt":"2014-02-23T21:34:15","slug":"g-r-bloco-carnavalesco-bohemios-de-iraja-bohemios-de-iraja-1971","status":"publish","type":"post","link":"https:\/\/www.toque-musicall.com\/?p=3955","title":{"rendered":"G. R. Bloco Carnavalesco Boh\u00eamios De Iraj\u00e1 &#8211; Boh\u00eamios De Iraj\u00e1 (1971)"},"content":{"rendered":"<p><img loading=\"lazy\" decoding=\"async\" class=\"aligncenter\" alt=\"\" src=\"http:\/\/1.bp.blogspot.com\/-xo54M95TC-Q\/UwpSAwMymLI\/AAAAAAAAIjs\/lZMDh4Ld-Zk\/s1600\/capap.JPG\" width=\"1000\" height=\"982\" \/><img loading=\"lazy\" decoding=\"async\" class=\"aligncenter\" alt=\"\" src=\"http:\/\/4.bp.blogspot.com\/-fKSmcfcQyWU\/UwpR4XHmcTI\/AAAAAAAAIjk\/og5CJCi2VSI\/s1600\/contra+p.JPG\" width=\"1000\" height=\"1008\" \/><\/p>\n<p>Boa tarde, amigos cultos e ocultos! Diante a atua\u00e7\u00e3o decepcionante do meu Gal\u00e3o contra o Am\u00e9rica no primeiro tempo, estou achando melhor eu focar a minha aten\u00e7\u00e3o naquilo que sempre me d\u00e1 alegria, a m\u00fasica e o meu Toque Musical. J\u00e1 vi que de Autuori aqui, s\u00f3 mesmo o Jorge, que postei anteontem. N\u00e3o sei onde o Kalil estava com a cabe\u00e7a, quando resolveu contratar esse fracasso. Decepcionante&#8230;<br \/>\nBom, vamos para outro assunto. Vamos falar sobre o Carnaval que j\u00e1 vem chegando a\u00ed. Ontem tivemos em BH a tradicional sa\u00edda da Banda Mole, anunciando a festa que vem por a\u00ed. Este ano BH promete em termos de festa, com muita alegria e seus in\u00fameros blocos carnavalesco. Vamos aguardar&#8230; Enquanto isso, eu aqui vou colocando os meus blocos na rua, quer dizer, vou come\u00e7ando as postagens de discos relacionados ao Carnaval. Eu, na verdade, nem sei o que tenho ainda para postar. Ao longo de tantos anos, creio que j\u00e1 apresentei aqui quase tudo sobre o Carnaval. Temos ent\u00e3o para abrir a temporada este raro lp, lan\u00e7ado em 1971 pelo selo Todamerica. Vamos no batuque com o Gr\u00eamio Recreativo Bloco Carnavalesco Boh\u00eamios de Iraj\u00e1, um dos mais tradicionais e importantes grupo carnavalesco do Rio de Janeiro, vindos, obviamente, do bairro do Iraj\u00e1. Atualmente, creio eu, o seu nome derivou para apenas Bo\u00eamios do Iraj\u00e1 (sem o H). Este lp foi lan\u00e7ado no ano de 1971. Imagino que tenha sido um bom ano para os Bo\u00eamios, n\u00e3o encontrei nada falando a respeito de premia\u00e7\u00e3o no Carnaval, mas s\u00f3 de j\u00e1 terem chegado a um disco, podemos considerar uma vit\u00f3ria. E o \u00e1lbum \u00e9 sem d\u00favida muito legal, onde os sambas trazem letras bem criativas e uma bateria de arrasar. S\u00f3 mesmo ouvindo para voc\u00eas se encantarem.<br \/>\n&#8230; E enquanto isso, l\u00e1 no Horto, o Gal\u00e3o vai virando o jogo, fazendo 3 no Am\u00e9rica para mostrar ao locat\u00e1rio que a casa ainda \u00e9 nossa! Caiu no Horto, t\u00e1 morto! E eu, nunca me senti t\u00e3o bem pagando l\u00edngua. Vai Autuori, me faz te pedir desculpas! Mas quero o Bi na Libertadores, o<a href=\"http:\/\/depositfiles.org\/files\/hi19ibkb9\" target=\"_blank\">k<\/a>?<\/p>\n<div style=\"text-align: center;\">vem pros boh\u00eamios<\/div>\n<div style=\"text-align: center;\">confesso<\/div>\n<div style=\"text-align: center;\">n\u00e3o adianta<\/div>\n<div style=\"text-align: center;\">eu sou mesmo da orgia<\/div>\n<div style=\"text-align: center;\">show de bateria<\/div>\n<div style=\"text-align: center;\">n\u00eaga, nem vem<\/div>\n<div style=\"text-align: center;\">vai tristeza<\/div>\n<div style=\"text-align: center;\">modo de pensar<\/div>\n<div style=\"text-align: center;\">conselho<\/div>\n<div style=\"text-align: center;\">grande desilus\u00e3o<\/div>\n<div style=\"text-align: center;\">bateria<\/div>\n<div style=\"text-align: center;\"><\/div>\n<div style=\"text-align: center;\">.<\/div>\n<div style=\"text-align: center;\"><\/div>\n","protected":false},"excerpt":{"rendered":"<p>Boa tarde, amigos cultos e ocultos! Diante a atua\u00e7\u00e3o decepcionante do meu Gal\u00e3o contra o Am\u00e9rica no primeiro tempo, estou achando melhor eu focar a minha aten\u00e7\u00e3o naquilo que sempre me d\u00e1 alegria, a m\u00fasica e o meu Toque Musical. &hellip; <a href=\"https:\/\/www.toque-musicall.com\/?p=3955\">Continue lendo <span class=\"meta-nav\">&rarr;<\/span><\/a><\/p>\n","protected":false},"author":1,"featured_media":0,"comment_status":"open","ping_status":"closed","sticky":false,"template":"","format":"standard","meta":{"footnotes":""},"categories":[263,2333,2157],"tags":[],"class_list":["post-3955","post","type-post","status-publish","format-standard","hentry","category-carnaval","category-g-r-bloco-carnavalesco-bohemios-de-iraja","category-selo-todamerica"],"_links":{"self":[{"href":"https:\/\/www.toque-musicall.com\/index.php?rest_route=\/wp\/v2\/posts\/3955","targetHints":{"allow":["GET"]}}],"collection":[{"href":"https:\/\/www.toque-musicall.com\/index.php?rest_route=\/wp\/v2\/posts"}],"about":[{"href":"https:\/\/www.toque-musicall.com\/index.php?rest_route=\/wp\/v2\/types\/post"}],"author":[{"embeddable":true,"href":"https:\/\/www.toque-musicall.com\/index.php?rest_route=\/wp\/v2\/users\/1"}],"replies":[{"embeddable":true,"href":"https:\/\/www.toque-musicall.com\/index.php?rest_route=%2Fwp%2Fv2%2Fcomments&post=3955"}],"version-history":[{"count":3,"href":"https:\/\/www.toque-musicall.com\/index.php?rest_route=\/wp\/v2\/posts\/3955\/revisions"}],"predecessor-version":[{"id":3960,"href":"https:\/\/www.toque-musicall.com\/index.php?rest_route=\/wp\/v2\/posts\/3955\/revisions\/3960"}],"wp:attachment":[{"href":"https:\/\/www.toque-musicall.com\/index.php?rest_route=%2Fwp%2Fv2%2Fmedia&parent=3955"}],"wp:term":[{"taxonomy":"category","embeddable":true,"href":"https:\/\/www.toque-musicall.com\/index.php?rest_route=%2Fwp%2Fv2%2Fcategories&post=3955"},{"taxonomy":"post_tag","embeddable":true,"href":"https:\/\/www.toque-musicall.com\/index.php?rest_route=%2Fwp%2Fv2%2Ftags&post=3955"}],"curies":[{"name":"wp","href":"https:\/\/api.w.org\/{rel}","templated":true}]}}