{"id":396,"date":"2011-07-10T03:34:00","date_gmt":"2011-07-10T03:34:00","guid":{"rendered":"http:\/\/www.toque-musicall.com\/?p=396"},"modified":"2011-07-10T03:34:00","modified_gmt":"2011-07-10T03:34:00","slug":"billy-blanco-definitivamente-2011","status":"publish","type":"post","link":"https:\/\/www.toque-musicall.com\/?p=396","title":{"rendered":"Billy Blanco &#8211; Definitivamente (2011)"},"content":{"rendered":"<div style=\"clear: both; text-align: center;\"><a href=\"http:\/\/3.bp.blogspot.com\/-BC3HsU2F6Mg\/ThkLA85YUZI\/AAAAAAAAIMg\/dEwVUGqds1I\/s1600\/BILLY+p.JPG\" style=\"margin-left: 1em; margin-right: 1em;\"><img loading=\"lazy\" decoding=\"async\" border=\"0\" height=\"400\" src=\"http:\/\/3.bp.blogspot.com\/-BC3HsU2F6Mg\/ThkLA85YUZI\/AAAAAAAAIMg\/dEwVUGqds1I\/s400\/BILLY+p.JPG\" width=\"400\" \/><\/a><\/div>\n<p>Boa noite, amigos cultos e ocultos. Mais uma vez eu estou chegando na \u00faltima hora. Passei o dia na Feira do Vinil, ouvi de tudo um pouco. S\u00f3 faltou mesmo dinheiro para comprar os incont\u00e1veis albuns que eu tive por l\u00e1. Mas eu n\u00e3o me esquento, eles, aos poucos v\u00e3o chegando definitivamente para mim \ud83d\ude09<br \/>E por falar em &#8216;definitivamente&#8217;, este \u00e9 o nome que dei a uma super colet\u00e2nea do Billy Blanco. Ontem, infelizmente, ele faleceu. Uma grande perda para a M\u00fasica Popular Brasileira. Mas como a maioria de n\u00f3s ainda n\u00e3o atingiu o centen\u00e1rio, depois do 70, o neg\u00f3cio \u00e9 ir para a fila&#8230;<br \/>Fiquei chateado com a morte do Billy Blanco e eu que nunca postei um disco dele aqui no Toque Musical. Desta vez, definitivamente, fa\u00e7o a minha postagem, em mem\u00f3ria ao talento deste grande compositor brasileiro. Reuni nesta colet\u00e2nea bem mais que algumas m\u00fasicas consagradas. Temos uma sele\u00e7\u00e3o que contempla inteiramente dois de seus discos, apresenta\u00e7\u00f5es e interpreta\u00e7\u00f5es de diversos outros artistas de suas m\u00fasicas.<br \/>Temos reunidas 58 m\u00fasicas, algumas se repetem, mas em interpreta\u00e7\u00f5es diferentes.<br \/>O arquivo desta colet\u00e2nea vem compactado em 4 partes, de maneira que para abri-lo, basta apenas o primeiro.<\/p>\n<div style=\"text-align: center;\">sinfonia do rio de janeiro &#8211; radam\u00e9s gnattalli<\/div>\n<div style=\"text-align: center;\">viva meu samba &#8211; silvio caldas<\/div>\n<div style=\"text-align: center;\">samba de doutor &#8211; paulo marquez<\/div>\n<div style=\"text-align: center;\">obrigado excel\u00eancias &#8211; paulo marquez<\/div>\n<div style=\"text-align: center;\">camel\u00f4 &#8211; paulo marques<\/div>\n<div style=\"text-align: center;\">minha vida com teresa &#8211; paulo marquez<\/div>\n<div style=\"text-align: center;\">coringa &#8211; paulo marquez<\/div>\n<div style=\"text-align: center;\">na janela do mundo &#8211; paulo marquez<\/div>\n<div style=\"text-align: center;\">fei\u00fara n\u00e3o \u00e9 nada &#8211; paulo marquez<\/div>\n<div style=\"text-align: center;\">viva meu samba &#8211; paulo marquez<\/div>\n<div style=\"text-align: center;\">vaca de pres\u00e9pio &#8211; paulo marquez<\/div>\n<div style=\"text-align: center;\">requerimento ao prefeito &#8211; paulo marquez<\/div>\n<div style=\"text-align: center;\">se papai fosse eleito &#8211; paulo marquez<\/div>\n<div style=\"text-align: center;\">estatuto de boate &#8211; paulo marquez<\/div>\n<div style=\"text-align: center;\">jo\u00e3o da silva &#8211; conjunto cpc une e nora ney<\/div>\n<div style=\"text-align: center;\">banca do distinto &#8211; isaura garcia<\/div>\n<div style=\"text-align: center;\">fei\u00fara n\u00e3o \u00e9 nada- isaura garcia<\/div>\n<div style=\"text-align: center;\">lado bonido de um mal &#8211; elizeth cardoso<\/div>\n<div style=\"text-align: center;\">amanhecendo &#8211; coral<\/div>\n<div style=\"text-align: center;\">receita de mandar mulher embora &#8211; billy blanco<\/div>\n<div style=\"text-align: center;\">desencanto &#8211; anna lemgruber<\/div>\n<div style=\"text-align: center;\">o mo\u00e7o \u00e9 &#8211; billy blanco<\/div>\n<div style=\"text-align: center;\">se a gente grande soubesse &#8211; kades singers &#038; adair<\/div>\n<div style=\"text-align: center;\">tereza da praia &#8211; billy blanco e billy blanco jr<\/div>\n<div style=\"text-align: center;\">descende o morro &#8211; jorge goulart<\/div>\n<div style=\"text-align: center;\">corinthians campe\u00e3o do centen\u00e1rio &#8211; jamel\u00e3o<\/div>\n<div style=\"text-align: center;\">rua augusta &#8211; sinfonia paulista<\/div>\n<div style=\"text-align: center;\">sinfonia paulista &#8211; billy blanco e billy blanco jr<\/div>\n<div style=\"text-align: center;\">pano legal &#8211; maria bethania<\/div>\n<div style=\"text-align: center;\">o c\u00e9u de s\u00e3o paulo &#8211; claudette soares<\/div>\n<div style=\"text-align: center;\">mocinho bonito &#8211; billy blanco<\/div>\n<div style=\"text-align: center;\">rio do meu amor &#8211; billy blanco<\/div>\n<div style=\"text-align: center;\">minha vida com teresa &#8211; billy blanco<\/div>\n<div style=\"text-align: center;\">banca de neve &#8211; billy blanco<\/div>\n<div style=\"text-align: center;\">tio alfredo &#8211; billy blanco<\/div>\n<div style=\"text-align: center;\">a secret\u00e1ria &#8211; billy blanco<\/div>\n<div style=\"text-align: center;\">domingo azul &#8211; billy blanco<\/div>\n<div style=\"text-align: center;\">tchau mesmo &#8211; billy blanco<\/div>\n<div style=\"text-align: center;\">pra\u00e7a mau\u00e1 &#8211; billy blanco<\/div>\n<div style=\"text-align: center;\">estrada do nada &#8211; billy blanco<\/div>\n<div style=\"text-align: center;\">requerimento ao prefeito &#8211; billy blanco e radam\u00e9s<\/div>\n<div style=\"text-align: center;\">obrigado exc\u00ealencias &#8211; billy blanco e radam\u00e9s<\/div>\n<div style=\"text-align: center;\">camel\u00f4 &#8211; billy blanco e radam\u00e9s<\/div>\n<div style=\"text-align: center;\">o amor \u00e9 cego &#8211; billy blanco e radam\u00e9s<\/div>\n<div style=\"text-align: center;\">minha vida com teresa &#8211; billy blanco e radam\u00e9s<\/div>\n<div style=\"text-align: center;\">coringa &#8211; billy blanco e radam\u00e9s<\/div>\n<div style=\"text-align: center;\">na janela do mundo &#8211; billy blanco e radam\u00e9s<\/div>\n<div style=\"text-align: center;\">fei\u00fara n\u00e3o \u00e9 nada &#8211; billy blanco e radam\u00e9s<\/div>\n<div style=\"text-align: center;\">se papai fosse eleito &#8211; billy blanco e radam\u00e9s<\/div>\n<div style=\"text-align: center;\">viva meu samba &#8211; billy blanco e radam\u00e9s<\/div>\n<div style=\"text-align: center;\">estatuto de boate &#8211; billy blanco e radam\u00e9s<\/div>\n<div style=\"text-align: center;\">vaca de pres\u00e9pio &#8211; billy blanco e radam\u00e9s<\/div>\n<div style=\"text-align: center;\">estatutos de gafieira &#8211; elza soares<\/div>\n<div style=\"text-align: center;\">o amor \u00e9 cego &#8211; paulo marquez<\/div>\n<div style=\"text-align: center;\">o cafeznho &#8211; paulo araujo e berta loran<\/div>\n<div style=\"text-align: center;\">viva meu samba \u00a0&#8211; jos\u00e9 carlos<\/div>\n<div style=\"text-align: center;\">confraria &#8211; moacyr franco<\/div>\n<div style=\"text-align: center;\">passado presente e futuro &#8211; laila<\/div>\n<div style=\"text-align: center;\"><\/div>\n<div style=\"text-align: center;\"><\/div>\n<div style=\"text-align: center;\"><\/div>\n","protected":false},"excerpt":{"rendered":"<p>Boa noite, amigos cultos e ocultos. Mais uma vez eu estou chegando na \u00faltima hora. Passei o dia na Feira do Vinil, ouvi de tudo um pouco. S\u00f3 faltou mesmo dinheiro para comprar os incont\u00e1veis albuns que eu tive por &hellip; <a href=\"https:\/\/www.toque-musicall.com\/?p=396\">Continue lendo <span class=\"meta-nav\">&rarr;<\/span><\/a><\/p>\n","protected":false},"author":1,"featured_media":0,"comment_status":"open","ping_status":"closed","sticky":false,"template":"","format":"standard","meta":{"footnotes":""},"categories":[638,639],"tags":[],"class_list":["post-396","post","type-post","status-publish","format-standard","hentry","category-billy-blanco","category-coletanea-billy-blanco"],"_links":{"self":[{"href":"https:\/\/www.toque-musicall.com\/index.php?rest_route=\/wp\/v2\/posts\/396","targetHints":{"allow":["GET"]}}],"collection":[{"href":"https:\/\/www.toque-musicall.com\/index.php?rest_route=\/wp\/v2\/posts"}],"about":[{"href":"https:\/\/www.toque-musicall.com\/index.php?rest_route=\/wp\/v2\/types\/post"}],"author":[{"embeddable":true,"href":"https:\/\/www.toque-musicall.com\/index.php?rest_route=\/wp\/v2\/users\/1"}],"replies":[{"embeddable":true,"href":"https:\/\/www.toque-musicall.com\/index.php?rest_route=%2Fwp%2Fv2%2Fcomments&post=396"}],"version-history":[{"count":0,"href":"https:\/\/www.toque-musicall.com\/index.php?rest_route=\/wp\/v2\/posts\/396\/revisions"}],"wp:attachment":[{"href":"https:\/\/www.toque-musicall.com\/index.php?rest_route=%2Fwp%2Fv2%2Fmedia&parent=396"}],"wp:term":[{"taxonomy":"category","embeddable":true,"href":"https:\/\/www.toque-musicall.com\/index.php?rest_route=%2Fwp%2Fv2%2Fcategories&post=396"},{"taxonomy":"post_tag","embeddable":true,"href":"https:\/\/www.toque-musicall.com\/index.php?rest_route=%2Fwp%2Fv2%2Ftags&post=396"}],"curies":[{"name":"wp","href":"https:\/\/api.w.org\/{rel}","templated":true}]}}