{"id":3961,"date":"2014-02-24T23:00:10","date_gmt":"2014-02-25T02:00:10","guid":{"rendered":"http:\/\/www.toque-musicall.com\/?p=3961"},"modified":"2014-02-24T23:02:06","modified_gmt":"2014-02-25T02:02:06","slug":"a-musica-de-joao-da-baiana-selecao-78-rpm-do-toque-musical-vol-90-2014","status":"publish","type":"post","link":"https:\/\/www.toque-musicall.com\/?p=3961","title":{"rendered":"A M\u00fasica De Jo\u00e3o Da Baiana &#8211; Sele\u00e7\u00e3o 78 RPM Do Toque Musical Vol. 90 (2014)"},"content":{"rendered":"<p><img loading=\"lazy\" decoding=\"async\" class=\"aligncenter\" alt=\"\" src=\"http:\/\/2.bp.blogspot.com\/-ziFskJe1paY\/Uwvzj12_BvI\/AAAAAAAAIkg\/Ui9iORlAYBg\/s1600\/CAPAp.JPG\" width=\"1000\" height=\"1000\" \/><img loading=\"lazy\" decoding=\"async\" class=\"aligncenter\" alt=\"\" src=\"http:\/\/3.bp.blogspot.com\/-BdfUh5pSsZM\/UwvzfsmNfsI\/AAAAAAAAIkY\/31NVWyBkPrE\/s1600\/CONTRACAPAp.JPG\" width=\"1000\" height=\"1000\" \/><\/p>\n<div>Esta semana, o Grand Record Brazil, \u201cbra\u00e7o de cera\u201d do Toque Musical, apresenta a segunda e \u00faltima parte da retrospectiva dedicada a Jo\u00e3o da Baiana (1887-1974). Semana passada, voc\u00eas tiveram oportunidade de conferir m\u00fasicas de Jo\u00e3o da Baiana na interpreta\u00e7\u00e3o dele pr\u00f3prio. Nesta segunda parte, apresentamos dez faixas, como sempre de grande import\u00e2ncia hist\u00f3rica, art\u00edstica e cultural, com m\u00fasica desse not\u00e1vel sambista carioca, interpretadas por outros cantores de seu tempo. Abrindo nossa sele\u00e7\u00e3o desta semana, temos Patr\u00edcio Teixeira, que, a exemplo de Jo\u00e3o da Baiana, nasceu (1893) e faleceu (1972) no Rio de Janeiro. Um dos pioneiros do r\u00e1dio e da grava\u00e7\u00e3o sonora no Brasil, Patr\u00edcio foi cantor, compositor, violonista e at\u00e9 professor de viol\u00e3o e canto. Algumas de suas alunas foram\u00a0\u00a0Aurora Miranda, Linda Batista, as irm\u00e3s Danusa e Nara Le\u00e3o, e a atriz Maria L\u00facia Dahl. Neste volume do GRB, Patr\u00edcio comparece com tr\u00eas sambas de Jo\u00e3o da Baiana em grava\u00e7\u00f5es Odeon, a saber:\u00a0\u00a0\u201cDona Clara (N\u00e3o te quero mais)\u201d, parceria de Jo\u00e3o com Ernesto dos Santos, o Donga\u00a0\u00a0(tamb\u00e9m co-autor\u00a0\u00a0do pioneiro \u201cPelo telefone\u201d), lan\u00e7ado em dezembro de 1927,bem nos prim\u00f3rdios da grava\u00e7\u00e3o el\u00e9trica, sob n.o 10084-B, matriz 1385; \u201cCabide de molambo\u201d, de Jo\u00e3o sem parceiro, gravado em 23 de janeiro de 1932 (disco 10883-A, matriz 4402) e \u201cAi, Zez\u00e9\u201d, o lado B desse disco, matriz 4403, tendo como parceiro de Jo\u00e3o da Baiana o pr\u00f3prio Patr\u00edcio. Considerada pelo diplomata Pascoal Carlos Magno uma\u00a0\u00a0das maiores cantores negras do mundo, a soprano carioca Za\u00edra de Oliveira (1891-1952) interpreta, da sant\u00edssima trindade Pixinguinha-Donga (marido da cantora)-Jo\u00e3o da Baiana, a batucada \u201cJ\u00e1 andei\u201d, grava\u00e7\u00e3o Victor de 24 de novembro de 1931, lan\u00e7ada em janeiro de 32 para o carnaval, disco 33509-A, matriz 65300, com acompanhamento do Grupo da Guarda Velha, formado justamente por Pixinguinha (Rio de Janeiro, 1897-idem, 1973). Tamb\u00e9m participa da grava\u00e7\u00e3o o cantor baiano Francisco Sena (c-1900-1935) primeiro integrante da Dupla Preto e Branco, ao lado de Herivelto Martins, e substitu\u00eddo, ap\u00f3s sua morte prematura, por Nilo Chagas. No lado B, matriz 65299, ele e Za\u00edra interpretam o ponto de macumba \u201cQu\u00e9 quer\u00e9\u201d, do mesmo trio de autores. Em seguida, volta Patr\u00edcio Teixeira, interpretando o interessante samba \u201cQuem faz a Deus paga ao diabo\u201d, de Jo\u00e3o da Baiana sem parceiro, do carnaval de 1933, lan\u00e7ado pela Columbia em janeiro desse ano sob n.o\u00a0\u00a022173-B, matriz 381383, e tamb\u00e9m com acompanhamento orquestral de \u201cS\u00e3o\u201d Pixinguinha. Patr\u00edcio ainda canta, em dueto com a eterna \u201cpequena not\u00e1vel\u201d, C\u00e1rmen Miranda,outro samba de Jo\u00e3o da Baiana e mais ningu\u00e9m, o delicioso e divertido \u201cPerdi minha mascote\u201d, grava\u00e7\u00e3o Victor de 29 de junho de 1933, lan\u00e7ada em dezembro seguinte com o n\u00famero 33733-B, matriz 65791, com acompanhamento do grupo do violonista Rog\u00e9rio Guimar\u00e3es, o Canhoto (Campinas, SP, 1900-Niter\u00f3i, RJ, 1980), tamb\u00e9m destacado dirigente da marca do cachorrinho Nipper, tendo sido seu primeiro diretor art\u00edstico. Cognominado \u201ca maior patente do r\u00e1dio\u201d, Almirante (Henrique For\u00e9is Domingues, Rio de Janeiro, 1908-idem, 1980), interpreta \u201cDeixa amanhecer\u201d, grava\u00e7\u00e3o Odeon de\u00a0\u00a030 de agosto de 1935, lan\u00e7ada em novembro seguinte com o n\u00famero 11282-B, matriz 5132. Neste samba, Jo\u00e3o da Baiana conta com a parceria de outro importante sambista, Alceb\u00edades Barcelos, o Bide (Niter\u00f3i, RJ-1902-Rio de Janeiro, 1975), que fez com Armando Mar\u00e7al in\u00fameros outros cl\u00e1ssicos do samba. Carlos Galhardo (1913-1985), o eterno e sempre lembrado \u201ccantor que dispensa adjetivos\u201d, aqui interpreta uma marchinha da parceria Jo\u00e3o da Baiana-Wilson Batista, \u201cMariposa\u201d (refer\u00eancia \u00e1s mulheres que, como o animal de mesmo nome, s\u00f3 sa\u00edam \u00e0 noite, sendo o sin\u00f4nimo bem f\u00e1cil de adivinhar).\u00a0\u00a0Destinada ao carnaval de 1941, foi gravada na Victor em 8 de outubro de 40, sendo lan\u00e7ada ainda em dezembro com o n\u00famero 34682-B, matriz 52018. Para finalizar, apresentamos os Trig\u00eameos Vocalistas, grupo paulistano formado\u00a0\u00a0pelos irm\u00e3os Carezzato (ou Carrazatto), Armando, Raul e Humberto, os dois \u00faltimos g\u00eameos. Raul \u00e9 parceiro de Jo\u00e3o da Baiana no ponto de macumba (no selo, \u201cafro-brasileiro\u201d) \u201cOgum Nil\u00e9\u201d, grava\u00e7\u00e3o Odeon de 31 de maio de 1950, lan\u00e7ada em agosto do mesmo ano sob n.o 13033-A, matriz 8633. Ressalte-se que n\u00e3o h\u00e1 nenhuma semelhan\u00e7a com o \u201cOgum Nil\u00e9\u201d que o pr\u00f3prio Jo\u00e3o da Baiana gravou em 1957 e que apresentamos na edi\u00e7\u00e3o anterior, apenas o t\u00edtulo \u00e9 semelhante. Enfim, mais uma edi\u00e7\u00e3o do GRB que ir\u00e1 enriquecer os acervos dos amigos cultos, ocultos e associados do TM com preciosa e hist\u00f3rica parcela de nossa boa m\u00fasica popular do passado. At\u00e9 a pr\u00f3xima e divirtam-s<a href=\"http:\/\/depositfiles.org\/files\/e9serlr9n\" target=\"_blank\">e<\/a>!<\/div>\n<div><\/div>\n<div>* Texto de Samuel Machado Filho<\/div>\n<div><\/div>\n","protected":false},"excerpt":{"rendered":"<p>Esta semana, o Grand Record Brazil, \u201cbra\u00e7o de cera\u201d do Toque Musical, apresenta a segunda e \u00faltima parte da retrospectiva dedicada a Jo\u00e3o da Baiana (1887-1974). Semana passada, voc\u00eas tiveram oportunidade de conferir m\u00fasicas de Jo\u00e3o da Baiana na interpreta\u00e7\u00e3o &hellip; <a href=\"https:\/\/www.toque-musicall.com\/?p=3961\">Continue lendo <span class=\"meta-nav\">&rarr;<\/span><\/a><\/p>\n","protected":false},"author":1,"featured_media":0,"comment_status":"open","ping_status":"closed","sticky":false,"template":"","format":"standard","meta":{"footnotes":""},"categories":[140,138,816,11,328,2006,13,2334],"tags":[],"class_list":["post-3961","post","type-post","status-publish","format-standard","hentry","category-almirante","category-carlos-galhardo","category-carmen-miranda","category-exclusivos-do-toque-musical","category-os-trigemeos-vocalistas","category-patricio-teixeira","category-selo-grand-record-brazil","category-zaira-de-oliveira"],"_links":{"self":[{"href":"https:\/\/www.toque-musicall.com\/index.php?rest_route=\/wp\/v2\/posts\/3961","targetHints":{"allow":["GET"]}}],"collection":[{"href":"https:\/\/www.toque-musicall.com\/index.php?rest_route=\/wp\/v2\/posts"}],"about":[{"href":"https:\/\/www.toque-musicall.com\/index.php?rest_route=\/wp\/v2\/types\/post"}],"author":[{"embeddable":true,"href":"https:\/\/www.toque-musicall.com\/index.php?rest_route=\/wp\/v2\/users\/1"}],"replies":[{"embeddable":true,"href":"https:\/\/www.toque-musicall.com\/index.php?rest_route=%2Fwp%2Fv2%2Fcomments&post=3961"}],"version-history":[{"count":1,"href":"https:\/\/www.toque-musicall.com\/index.php?rest_route=\/wp\/v2\/posts\/3961\/revisions"}],"predecessor-version":[{"id":3964,"href":"https:\/\/www.toque-musicall.com\/index.php?rest_route=\/wp\/v2\/posts\/3961\/revisions\/3964"}],"wp:attachment":[{"href":"https:\/\/www.toque-musicall.com\/index.php?rest_route=%2Fwp%2Fv2%2Fmedia&parent=3961"}],"wp:term":[{"taxonomy":"category","embeddable":true,"href":"https:\/\/www.toque-musicall.com\/index.php?rest_route=%2Fwp%2Fv2%2Fcategories&post=3961"},{"taxonomy":"post_tag","embeddable":true,"href":"https:\/\/www.toque-musicall.com\/index.php?rest_route=%2Fwp%2Fv2%2Ftags&post=3961"}],"curies":[{"name":"wp","href":"https:\/\/api.w.org\/{rel}","templated":true}]}}