{"id":3984,"date":"2014-02-28T20:06:05","date_gmt":"2014-02-28T23:06:05","guid":{"rendered":"http:\/\/www.toque-musicall.com\/?p=3984"},"modified":"2014-03-01T09:28:01","modified_gmt":"2014-03-01T12:28:01","slug":"carnaval-a-selecao-78-rpm-do-toque-musical-vol-91-2014-2","status":"publish","type":"post","link":"https:\/\/www.toque-musicall.com\/?p=3984","title":{"rendered":"Carnaval A &#8211; Sele\u00e7\u00e3o 78 RPM Do Toque Musical Vol. 91 (2014)"},"content":{"rendered":"<p><img loading=\"lazy\" decoding=\"async\" class=\"aligncenter\" alt=\"\" src=\"http:\/\/2.bp.blogspot.com\/-A3a8MHulTl4\/UxHCVORud9I\/AAAAAAAAImI\/NJWA3FriCXo\/s1600\/CAPA+pcar.JPG\" width=\"1000\" height=\"1000\" \/><img loading=\"lazy\" decoding=\"async\" class=\"aligncenter\" alt=\"\" src=\"http:\/\/1.bp.blogspot.com\/-Ac_qHSUFBZA\/UxHCNHbVDZI\/AAAAAAAAImA\/DQmJflnVu9E\/s1600\/CONTRACAPApcar.JPG\" width=\"1000\" height=\"1000\" \/><\/p>\n<p>\u00d3 abre alas que o Grand Record Brazil quer passar! E apresenta para os amigos, cultos e associados do Toque Musical a primeira de duas partes de uma sele\u00e7\u00e3o dedicada ao carnaval. Voc\u00eas por certo ir\u00e3o se deliciar, e muito, com as m\u00fasicas que o Augusto escolheu para esta sele\u00e7\u00e3o, muitas delas verdadeiros cl\u00e1ssicos da folia de Momo, cantadas nos bailes at\u00e9 hoje, nas vozes de int\u00e9rpretes renomados. Nesta primeira parte, oferecemos catorze grava\u00e7\u00f5es, todas elas marchas ou marchinhas. Abrindo esta sele\u00e7\u00e3o, temos Blecaute (Ot\u00e1vio Henrique de Oliveira, Esp\u00edrito Santo do Pinhal, SP, 1919-Rio de Janeiro, 1983), cantor que recebeu esse apelido do Capit\u00e3o Furtado, apresentador de programas sertanejos do r\u00e1dio paulistano, por causa dos apag\u00f5es que havia na \u00e9poca da Segunda Guerra Mundial, a fim de evitar ataques inimigos, nos quais a orla mar\u00edtima do Brasil ficava \u00e0s escuras. Com in\u00fameros hits carnavalescos no curr\u00edculo, Blecaute,\u00a0\u00a0de in\u00edcio, nos oferece a deliciosa \u201cMaria Escandalosa\u201d, de Kl\u00e9cius Caldas e Armando Cavalcanti, sucesso absoluto no carnaval de 1955, lan\u00e7ado pela Copacabana em janeiro desse ano sob n.o 5354-B, matriz M-999, e tamb\u00e9m abrindo o LP coletivo da gravadora com m\u00fasicas para essa folia, em 10 polegadas. Em 1992, esta marchinha foi revivida na novela \u201cDeus nos acuda\u201d, da TV Globo, na voz de Ney Matogrosso, como tema de uma personagem tamb\u00e9m chamada Maria Escandalosa, interpretada\u00a0por Cl\u00e1udia Raia. Em seguida, o eterno \u201cgeneral da banda\u201d recorda, dos mesmos autores, a \u201cMarcha do gago\u201d, lan\u00e7ada originalmente em 1950 por Oscarito, astro da lend\u00e1ria Atl\u00e2ntida Cinematogr\u00e1fica, que tamb\u00e9m a interpretou no filme \u201cCarnaval no fogo\u201d. O registro de Blecaute \u00e9 do LP de 10 polegadas \u201cCarnaval do Rio\u201d, tamb\u00e9m da Copacabana, lan\u00e7ado em 1955. Bill Farr (Ant\u00f4nio Medeiros Francisco, Sapucaia, RJ, 1925-Rio de Janeiro, 2010), outro int\u00e9rprete da \u00e9poca \u00e1urea do r\u00e1dio, nos oferece \u201cMaricota Cervejota\u201d, de autoria de Jo\u00e3o de Barro, o Braguinha, verdadeiro campe\u00e3o de carnavais. Feita para o carnaval de 1956, a marchinha foi gravada na Continental em 21 de setembro de 55,e lan\u00e7ada ainda em novembro-dezembro sob n.o 17208-A, matriz C-3701, e no LP coletivo de 10 polegadas \u201cCarnaval de 56\u201d. Encontraremos em seguida, na interpreta\u00e7\u00e3o de Orlando Silva (Rio de Janeiro, 1915-idem, 1978), o eterno \u201ccantor das multid\u00f5es\u201d, um inesquec\u00edvel cl\u00e1ssico carnavalesco: \u201cA jardineira\u201d, de Benedito Lacerda e Humberto Porto, calcada em motivo popular do final do s\u00e9culo XIX, e que dominou a folia de 1939.\u00a0\u00a0Teve quatro grava\u00e7\u00f5es por Orlando\u00a0\u00a0(que tamb\u00e9m a interpretou no filme \u201cBanana da terra\u201d, da Cin\u00e9dia) na Victor: as duas primeiras em 21 de outubro de 1938 (matrizes 80917-1 e 80917-2), a terceira dez dias depois (matriz 80925-R) e finalmente a quarta e definitiva, que ouvimos nesta sele\u00e7\u00e3o, em 6 de dezembro de 38, matriz 80917-3, sendo o disco lan\u00e7ado pouco depois com o n\u00famero 34386-B (dos quatro registros, o primeiro n\u00e3o teria sido lan\u00e7ado). Ainda hoje est\u00e1 presente nos bailes, e \u00e9 um sucesso permanente de nosso cancioneiro carnavalesco. Outro campe\u00e3o de carnavais, Lamartine Babo (Rio de Janeiro, 1904-idem, 1963) aqui nos oferece uma de suas marchinhas cl\u00e1ssicas, feita em parceria com Paulo Valen\u00e7a: \u201cA\u00ed, hein?\u201d, um dos hits do carnaval de 1933, por ele interpretado em dueto com M\u00e1rio Reis. Grava\u00e7\u00e3o Victor de 25 de novembro de 32, lan\u00e7ada um m\u00eas antes da folia, em janeiro, sob n.o 33603-A, matriz 65601. Lal\u00e1 tamb\u00e9m est\u00e1 na faixa 13, \u201cGrau dez\u201d, de sua parceria com Ary Barroso, em dueto com Francisco Alves, sucesso do carnaval de 1935, gravado na Victor em 16 de outubro de 34, com lan\u00e7amento um m\u00eas antes da folia, em janeiro, disco 33880-B, matriz 79737. Na faixa 6, Carlos Galhardo (1913-1985) nos oferece outro cl\u00e1ssico inesquec\u00edvel e muito cantado nos bailes at\u00e9 hoje: \u201cAl\u00e1-l\u00e1-\u00f4\u201d, de autoria de outros dois colecionadores de hits carnavalescos, Haroldo Lobo e N\u00e1ssara. Sucesso absoluto do carnaval de 1941, tamb\u00e9m interpretado por Galhardo no filme \u201cVamos cantar\u201d, da Pan-Am\u00e9rica Filmes, foi por ele imortalizada na Victor em 21 de novembro de 40, com lan\u00e7amento um m\u00eas antes da folia, em janeiro, sob n.o 34697-A, matriz 52055, e ganhou s\u00fabita atualidade neste ver\u00e3o de 2014, no qual t\u00eam se registrado alt\u00edssimas temperaturas, com os desconfortos de praxe. Destaque tamb\u00e9m\u00a0\u00a0para a introdu\u00e7\u00e3o instrumental, obra de g\u00eanio do mestre Pixinguinha. Outro cl\u00e1ssico momesco vem em seguida: \u201cPierr\u00f4 apaixonado\u201d, de Noel Rosa e Heitor dos Prazeres, do carnaval\u00a0\u00a0de 1936. Grava\u00e7\u00e3o Victor de Joel de Almeida (\u201co magrinho el\u00e9trico\u201d) em dupla com Ga\u00facho, datada de 26 de dezembro de 35 e lan\u00e7ada um m\u00eas antes da folia, em janeiro, sob n.o 34012-A, matriz 80060. Logo depois, outra divertida e cl\u00e1ssica marchinha do mestre Lamartine Babo, \u201cHist\u00f3ria do Brasil\u201d, do carnaval de 1934. Foi imortalizada na Victor por Almirante (\u201ca maior patente do r\u00e1dio\u201d) em 15 de dezembro de 1933, com lan\u00e7amento um m\u00eas antes do tr\u00edduo momesco de 34, em janeiro, sob n.o 33740-B, matriz 65917. Talento precoce revelado pela R\u00e1dio Record de S\u00e3o Paulo, M\u00e1rio Ramos de Oliveira, o Vassourinha, teve morte prematura, em 1942, aos 19 anos, de doen\u00e7a \u00f3ssea, deixando gravados seis discos com doze m\u00fasicas, todos pela Columbia. De seu terceiro disco, n.o 55308-A, lan\u00e7ado em dezembro de 1941 com vistas ao carnaval de 42, matriz 474, \u00e9 esta marchinha de Ant\u00f4nio Almeida, \u201cChic chic bum\u201d, interessante cr\u00f4nica do tempo em que o bonde era o principal meio de transporte no Rio de Janeiro. De Herivelto Martins em parceria com o pistonista Bonfiglio de Oliveira \u00e9 \u201cMais uma estrela\u201d, do carnaval de 1935, gravada na Victor por M\u00e1rio Reis em 5 de outubro de 34, com lan\u00e7amento ainda em novembro sob n.o 33850-A, matriz 79712. O problema da falta de moradia, j\u00e1 cr\u00f4nico naqueles tempos, \u00e9 glosado por Peterpan (Jos\u00e9 Fernandes de Almeida) e Afonso Teixeira na \u201cMarcha do caracol\u201d, sucesso do carnaval de 1951, gravado na RCA Victor pelos Quatro Ases e um Coringa em 4 de outubro de 50 e lan\u00e7ado ainda em dezembro, disco 80-0728-A, matriz S-092771. Traduzindo as dificuldades causadas pela Segunda Guerra Mundial, com escassez generalizada de combust\u00edveis e alimentos, vem a marchinha \u201cEu brinco\u201d, de Pedro Caetano e Claudionor Cruz, do carnaval de 1944, imortalizada pelo eterno Rei da Voz Francisco Alves na Odeon em primeiro de dezembro de 43 e lan\u00e7ada um m\u00eas antes da folia, em janeiro, sob n.o 12404-A, matriz 7431. A marchinha mostra a disposi\u00e7\u00e3o de se brincar o carnaval ainda que em tempo de vacas magras, sem pandeiro ou dinheiro&#8230;\u00a0\u00a0Para encerrar esta edi\u00e7\u00e3o carnavalesca do GRB, S\u00edlvio Caldas (1906?-1998), o eterno \u201ccaboclinho querido\u201d, apresenta outro sucesso inesquec\u00edvel\u00a0\u00a0de Jo\u00e3o \u201cBraguinha\u201d de Barro, \u201cLinda lourinha\u201d. Foi uma das m\u00fasicas mais cantadas no carnaval de 1934,\u00a0\u00a0gravada por S\u00edlvio na Victor em 15 de novembro de 33, com lan\u00e7amento um m\u00eas antes do tr\u00edduo momesco, em janeiro, sob n.o 33735-A, matriz 65889. E, na pr\u00f3xima segunda-feira, tem mais carnaval pra voc\u00eas aqui no GRB. Aguarde<a href=\"http:\/\/depositfiles.org\/files\/umcevuc43\" target=\"_blank\">m<\/a>&#8230;<\/p>\n<p>* Texto de SAMUEL MACHADO FILHO<\/p>\n","protected":false},"excerpt":{"rendered":"<p>\u00d3 abre alas que o Grand Record Brazil quer passar! E apresenta para os amigos, cultos e associados do Toque Musical a primeira de duas partes de uma sele\u00e7\u00e3o dedicada ao carnaval. Voc\u00eas por certo ir\u00e3o se deliciar, e muito, &hellip; <a href=\"https:\/\/www.toque-musicall.com\/?p=3984\">Continue lendo <span class=\"meta-nav\">&rarr;<\/span><\/a><\/p>\n","protected":false},"author":1,"featured_media":0,"comment_status":"open","ping_status":"closed","sticky":false,"template":"","format":"standard","meta":{"footnotes":""},"categories":[140,2072,176,586,138,11,115,1726,764,1236,13],"tags":[],"class_list":["post-3984","post","type-post","status-publish","format-standard","hentry","category-almirante","category-bill-farr","category-blackout","category-blecaute","category-carlos-galhardo","category-exclusivos-do-toque-musical","category-francisco-alves","category-joel-e-gaucho","category-lamartine-babo","category-quatro-azes-e-um-coringa","category-selo-grand-record-brazil"],"_links":{"self":[{"href":"https:\/\/www.toque-musicall.com\/index.php?rest_route=\/wp\/v2\/posts\/3984","targetHints":{"allow":["GET"]}}],"collection":[{"href":"https:\/\/www.toque-musicall.com\/index.php?rest_route=\/wp\/v2\/posts"}],"about":[{"href":"https:\/\/www.toque-musicall.com\/index.php?rest_route=\/wp\/v2\/types\/post"}],"author":[{"embeddable":true,"href":"https:\/\/www.toque-musicall.com\/index.php?rest_route=\/wp\/v2\/users\/1"}],"replies":[{"embeddable":true,"href":"https:\/\/www.toque-musicall.com\/index.php?rest_route=%2Fwp%2Fv2%2Fcomments&post=3984"}],"version-history":[{"count":1,"href":"https:\/\/www.toque-musicall.com\/index.php?rest_route=\/wp\/v2\/posts\/3984\/revisions"}],"predecessor-version":[{"id":3987,"href":"https:\/\/www.toque-musicall.com\/index.php?rest_route=\/wp\/v2\/posts\/3984\/revisions\/3987"}],"wp:attachment":[{"href":"https:\/\/www.toque-musicall.com\/index.php?rest_route=%2Fwp%2Fv2%2Fmedia&parent=3984"}],"wp:term":[{"taxonomy":"category","embeddable":true,"href":"https:\/\/www.toque-musicall.com\/index.php?rest_route=%2Fwp%2Fv2%2Fcategories&post=3984"},{"taxonomy":"post_tag","embeddable":true,"href":"https:\/\/www.toque-musicall.com\/index.php?rest_route=%2Fwp%2Fv2%2Ftags&post=3984"}],"curies":[{"name":"wp","href":"https:\/\/api.w.org\/{rel}","templated":true}]}}