{"id":3988,"date":"2014-03-01T10:10:12","date_gmt":"2014-03-01T13:10:12","guid":{"rendered":"http:\/\/www.toque-musicall.com\/?p=3988"},"modified":"2014-03-02T09:16:49","modified_gmt":"2014-03-02T12:16:49","slug":"bloco-carnavalesco-vai-quem-quer-isto-e-samba-1961","status":"publish","type":"post","link":"https:\/\/www.toque-musicall.com\/?p=3988","title":{"rendered":"Bloco Carnavalesco Vai Quem Quer &#8211; Isto \u00c9 Samba (1961)"},"content":{"rendered":"<p><img loading=\"lazy\" decoding=\"async\" class=\"aligncenter\" alt=\"\" src=\"http:\/\/4.bp.blogspot.com\/-TjyX6PRbnDA\/UxMVXy5I3WI\/AAAAAAAAIm0\/bTR0WOcAKeA\/s1600\/_DSC0198+p.JPG\" width=\"1000\" height=\"1014\" \/><img loading=\"lazy\" decoding=\"async\" class=\"aligncenter\" alt=\"\" src=\"http:\/\/4.bp.blogspot.com\/-aNl96Btxb2s\/UxMVPMoLVAI\/AAAAAAAAImw\/kFxHBQc-A0k\/s1600\/contrap.JPG\" width=\"1000\" height=\"1016\" \/><\/p>\n<div style=\"text-align: center;\">\n<div>\n<div style=\"text-align: left;\">Ol\u00e1 amigos foli\u00f5es, cultos e ocultos (hehehe&#8230;) Carnaval ta\u00ed e pelo jeito, aqui em Beag\u00e1 a chuva n\u00e3o vai dar tr\u00e9gua. Num ano em que o belorizontino resolve encarar a festa de maneira programada, vem logo a chuva para tentar cortar o barato. Mas como dizem, quem t\u00e1 na chuva tem mais \u00e9 que se molhar. Desta vez, parece, o Chapolim (figura que sai num caminh\u00e3o pipa jogando \u00e1gua nas pessoas) resolveu pedir ajuda \u00e0 S\u00e3o Pedro. Carnaval molhado, t\u00e1 valendo. Com dezenas de blocos espalhados por toda a cidade, n\u00e3o falta op\u00e7\u00e3o. Bom mesmo \u00e9 curtir&#8230;<\/div>\n<div style=\"text-align: left;\">Na onda dos blocos caricatos, aqui vai mais um raro disquinho do selo Pawal: Bloco Caricato Vai Quem Quer, de Catumbi, Rio de Janeiro. Este \u00e9 mais um daqueles tradicionais blocos carnavalescos carioca, cuja a percuss\u00e3o e repercuss\u00e3o v\u00e3o al\u00e9m das ruas por onde passam. At\u00e9 o nome do bloco j\u00e1 serviu de inspira\u00e7\u00e3o para outros. Em S\u00e3o Paulo, la na Vila Madalena, tamb\u00e9m tem um Vai Quem Quer. O de Catumb\u00ed surgiu nos anos 50, formado de maneira espont\u00e2nea na pr\u00f3pria comunidade e se mantem vivo e sempre atuante, inclusive no Carnaval deste ano. Este lp, pelas informa\u00e7\u00f5es que recolhi, foi lan\u00e7ado em 1961. Nos anos 60, discos de carnaval e grupos relacionados a festa eram muito comuns e eram realmente muito bons. eram discos de samba e de batucada aut\u00eanticos. Infelizmente a coisa toda foi diluindo e o que temos hoje, se comparado aos tempos passados, d\u00e1 vontade de chorar. Dessa forma, para que o nosso Carnaval n\u00e3o fique com gosto de micareta, pagode e funk, vamos relembrar ou conhecer um verdadeiro bloco caricato. Os sambas apresentados aqui s\u00e3o todos de autoria do carnavalesco Jorge Fran\u00e7a Barret<a href=\"http:\/\/depositfiles.org\/files\/9grhdhsfd\" target=\"_blank\">o<\/a>.<\/div>\n<div><\/div>\n<div><\/div>\n<div>o samba vai esquentar<\/div>\n<div>o seresteiro<\/div>\n<div>mulata faceira<\/div>\n<div>rufar do tambor<\/div>\n<div>conclus\u00e3o<\/div>\n<div>mo\u00e7ada louca<\/div>\n<div>bateria<\/div>\n<div>est\u00e1 na hora<\/div>\n<div>empolga\u00e7\u00e3o t\u00e9dio<\/div>\n<div>j\u00e1 chegou quem faltava<\/div>\n<div>praga<\/div>\n<div><\/div>\n<\/div>\n<\/div>\n","protected":false},"excerpt":{"rendered":"<p>Ol\u00e1 amigos foli\u00f5es, cultos e ocultos (hehehe&#8230;) Carnaval ta\u00ed e pelo jeito, aqui em Beag\u00e1 a chuva n\u00e3o vai dar tr\u00e9gua. Num ano em que o belorizontino resolve encarar a festa de maneira programada, vem logo a chuva para tentar &hellip; <a href=\"https:\/\/www.toque-musicall.com\/?p=3988\">Continue lendo <span class=\"meta-nav\">&rarr;<\/span><\/a><\/p>\n","protected":false},"author":1,"featured_media":0,"comment_status":"open","ping_status":"closed","sticky":false,"template":"","format":"standard","meta":{"footnotes":""},"categories":[2335,1991],"tags":[],"class_list":["post-3988","post","type-post","status-publish","format-standard","hentry","category-bloco-carnavalesco-vai-quem-quer","category-selo-pawal"],"_links":{"self":[{"href":"https:\/\/www.toque-musicall.com\/index.php?rest_route=\/wp\/v2\/posts\/3988","targetHints":{"allow":["GET"]}}],"collection":[{"href":"https:\/\/www.toque-musicall.com\/index.php?rest_route=\/wp\/v2\/posts"}],"about":[{"href":"https:\/\/www.toque-musicall.com\/index.php?rest_route=\/wp\/v2\/types\/post"}],"author":[{"embeddable":true,"href":"https:\/\/www.toque-musicall.com\/index.php?rest_route=\/wp\/v2\/users\/1"}],"replies":[{"embeddable":true,"href":"https:\/\/www.toque-musicall.com\/index.php?rest_route=%2Fwp%2Fv2%2Fcomments&post=3988"}],"version-history":[{"count":3,"href":"https:\/\/www.toque-musicall.com\/index.php?rest_route=\/wp\/v2\/posts\/3988\/revisions"}],"predecessor-version":[{"id":3993,"href":"https:\/\/www.toque-musicall.com\/index.php?rest_route=\/wp\/v2\/posts\/3988\/revisions\/3993"}],"wp:attachment":[{"href":"https:\/\/www.toque-musicall.com\/index.php?rest_route=%2Fwp%2Fv2%2Fmedia&parent=3988"}],"wp:term":[{"taxonomy":"category","embeddable":true,"href":"https:\/\/www.toque-musicall.com\/index.php?rest_route=%2Fwp%2Fv2%2Fcategories&post=3988"},{"taxonomy":"post_tag","embeddable":true,"href":"https:\/\/www.toque-musicall.com\/index.php?rest_route=%2Fwp%2Fv2%2Ftags&post=3988"}],"curies":[{"name":"wp","href":"https:\/\/api.w.org\/{rel}","templated":true}]}}