{"id":399,"date":"2011-07-06T10:33:00","date_gmt":"2011-07-06T10:33:00","guid":{"rendered":"http:\/\/www.toque-musicall.com\/?p=399"},"modified":"2011-07-06T10:33:00","modified_gmt":"2011-07-06T10:33:00","slug":"jose-roberto-trio-1966","status":"publish","type":"post","link":"https:\/\/www.toque-musicall.com\/?p=399","title":{"rendered":"Jos\u00e9 Roberto &#8211; Trio (1966)"},"content":{"rendered":"<div style=\"clear: both; text-align: center;\"><a href=\"http:\/\/3.bp.blogspot.com\/-qlRwGb4jnaM\/ThQxsKSqM2I\/AAAAAAAAIMI\/VKtPrZGirec\/s1600\/jose+roberto+P.JPG\" style=\"margin-left: 1em; margin-right: 1em;\"><img loading=\"lazy\" decoding=\"async\" border=\"0\" height=\"400\" src=\"http:\/\/3.bp.blogspot.com\/-qlRwGb4jnaM\/ThQxsKSqM2I\/AAAAAAAAIMI\/VKtPrZGirec\/s400\/jose+roberto+P.JPG\" width=\"397\" \/><\/a><\/div>\n<p>Ol\u00e1, amiguinhos cultos e ocultos! Hoje o meu dia vai ser osso para mim. Por conta disso, separei uns tr\u00eas discos da melhor qualidade para ir ouvindo no Ipod ao longo das \u00e1rduas horas de trabalho que terei pela frente. Entre os discos que vou ouvindo, escolhi este do Jos\u00e9 Roberto Bertrami como o toque do dia. Um \u00e1lbum excelente de bossa jazz, raro, por\u00e9m j\u00e1 bem divulgado na blogosfera. Quem ainda n\u00e3o o ouviu, n\u00e3o pode perder a oportunidade. Vale mesmo cada faixa.<br \/>Jos\u00e9 Roberto Bertrami vem acompanhado por Claudio Henrique Bertrami no contrabaixo e Jovito Coluna na bateria. Juntos eles d\u00e3o um show de m\u00fasica instrumental entre temas autoriais e composi\u00e7\u00f5es outras de Marcos Valle, Tom Jobim, Manfredo Fest, Baden e Vinicius, Adylson Godoy e Durval Ferreira.<br \/>Este \u00e1lbum foi lan\u00e7ado pelo selo gaucho Farropilha em 1966, um dos primeiros disco do Z\u00e9 Roberto. Ao longo de sua carreira ele ainda iria fazer parte do grupos A Turma da Pilantragem e o internacional Azymuth. N\u00e3o deixem de conferir. Um disca\u00e7o!<\/p>\n<div style=\"text-align: center;\">o canto de ossanha<\/div>\n<div style=\"text-align: center;\">d\u00e1-me<\/div>\n<div style=\"text-align: center;\">impulso<\/div>\n<div style=\"text-align: center;\">dorme profundo<\/div>\n<div style=\"text-align: center;\">lilos walts<\/div>\n<div style=\"text-align: center;\">s\u00f3 tinha de ser voc\u00ea<\/div>\n<div style=\"text-align: center;\">k\u00e9bar<\/div>\n<div style=\"text-align: center;\">chuva<\/div>\n<div style=\"text-align: center;\">flor da manh\u00e3<\/div>\n<div style=\"text-align: center;\">balansamb\u00e1<\/div>\n<div style=\"text-align: center;\">taluhama<\/div>\n","protected":false},"excerpt":{"rendered":"<p>Ol\u00e1, amiguinhos cultos e ocultos! Hoje o meu dia vai ser osso para mim. Por conta disso, separei uns tr\u00eas discos da melhor qualidade para ir ouvindo no Ipod ao longo das \u00e1rduas horas de trabalho que terei pela frente. &hellip; <a href=\"https:\/\/www.toque-musicall.com\/?p=399\">Continue lendo <span class=\"meta-nav\">&rarr;<\/span><\/a><\/p>\n","protected":false},"author":1,"featured_media":0,"comment_status":"open","ping_status":"closed","sticky":false,"template":"","format":"standard","meta":{"footnotes":""},"categories":[643,644,642],"tags":[],"class_list":["post-399","post","type-post","status-publish","format-standard","hentry","category-jose-roberto-bertrami","category-jose-roberto-trio","category-selo-farropilha"],"_links":{"self":[{"href":"https:\/\/www.toque-musicall.com\/index.php?rest_route=\/wp\/v2\/posts\/399","targetHints":{"allow":["GET"]}}],"collection":[{"href":"https:\/\/www.toque-musicall.com\/index.php?rest_route=\/wp\/v2\/posts"}],"about":[{"href":"https:\/\/www.toque-musicall.com\/index.php?rest_route=\/wp\/v2\/types\/post"}],"author":[{"embeddable":true,"href":"https:\/\/www.toque-musicall.com\/index.php?rest_route=\/wp\/v2\/users\/1"}],"replies":[{"embeddable":true,"href":"https:\/\/www.toque-musicall.com\/index.php?rest_route=%2Fwp%2Fv2%2Fcomments&post=399"}],"version-history":[{"count":0,"href":"https:\/\/www.toque-musicall.com\/index.php?rest_route=\/wp\/v2\/posts\/399\/revisions"}],"wp:attachment":[{"href":"https:\/\/www.toque-musicall.com\/index.php?rest_route=%2Fwp%2Fv2%2Fmedia&parent=399"}],"wp:term":[{"taxonomy":"category","embeddable":true,"href":"https:\/\/www.toque-musicall.com\/index.php?rest_route=%2Fwp%2Fv2%2Fcategories&post=399"},{"taxonomy":"post_tag","embeddable":true,"href":"https:\/\/www.toque-musicall.com\/index.php?rest_route=%2Fwp%2Fv2%2Ftags&post=399"}],"curies":[{"name":"wp","href":"https:\/\/api.w.org\/{rel}","templated":true}]}}