{"id":3994,"date":"2014-03-02T11:12:02","date_gmt":"2014-03-02T14:12:02","guid":{"rendered":"http:\/\/www.toque-musicall.com\/?p=3994"},"modified":"2014-03-02T11:12:43","modified_gmt":"2014-03-02T14:12:43","slug":"3994","status":"publish","type":"post","link":"https:\/\/www.toque-musicall.com\/?p=3994","title":{"rendered":"Carnaval De 56 (1956)"},"content":{"rendered":"<p><img loading=\"lazy\" decoding=\"async\" class=\"aligncenter\" alt=\"\" src=\"http:\/\/2.bp.blogspot.com\/-TKdB47tJ5ok\/UxM2fLTVJUI\/AAAAAAAAInQ\/MYrZ5ySvIjY\/s1600\/capap.JPG\" width=\"1600\" height=\"1557\" \/><img loading=\"lazy\" decoding=\"async\" class=\"aligncenter\" alt=\"\" src=\"http:\/\/2.bp.blogspot.com\/-Yu2PfMokqGg\/UxM2Yec3SCI\/AAAAAAAAInI\/y0TLvZHK8qA\/s1600\/contrap.JPG\" width=\"1000\" height=\"965\" \/><\/p>\n<p>Bom dia, amigos foli\u00f5es! Espero que todos estejam bem, sem ressaca e prontos para mais um dia de carnaval. Para este domingo, vamos relembrar oque \u00a0rolou de sucesso no Carnaval de 1956. Temos aqui um lp de 10 polegadas lan\u00e7ado pela Copacabana, apresentando alguns dos seus artistas exclusivos com m\u00fasicas feitas para o carnaval daquele ano. Como se pode ver pela ilustra\u00e7\u00e3o da contracapa, temos aqui alguns dos mais expressivos artistas da \u00e9poca interpretando sambas e marchinhas que se tornaram cl\u00e1ssicos. Interessante tamb\u00e9m notar que este foi o disco n\u00famero 1 da Continental para o carnaval. E ao contr\u00e1rio dos discos nesse formato que traziam apenas oito faixas, neste vieram dez. N\u00e3o sei bem ao certo, mas suponho que nesse mesmo carnaval a Copacabana tenha lan\u00e7ado outro disco, o n\u00famero 2. (Estou com tanta pregui\u00e7a que nem vou me dar ao trabalho de checar isso) Confiram da\u00ed, que eu de c\u00e1 j\u00e1 vou pra rua. Chapolim me esper<a href=\"http:\/\/depositfiles.org\/files\/cr010o6y0\" target=\"_blank\">a<\/a>!<\/p>\n<div style=\"text-align: center;\">fala mangueira &#8211; angela maria<\/div>\n<div style=\"text-align: center;\">ressurei\u00e7\u00e3o &#8211; belcaute<\/div>\n<div style=\"text-align: center;\">turma do funil &#8211; vocalistas tropicais<\/div>\n<div style=\"text-align: center;\">a batucada &#8211; jorge veiga<\/div>\n<div style=\"text-align: center;\">passarinho &#8211; jo\u00e3o dias<\/div>\n<div style=\"text-align: center;\">se eu chorei &#8211; gilberto alves<\/div>\n<div style=\"text-align: center;\">na paz de deus &#8211; carmem costa<\/div>\n<div style=\"text-align: center;\">me d\u00e1 um cheirinho &#8211; jackson do pandeiro<\/div>\n<div style=\"text-align: center;\">boate de pobre &#8211; roberto silva<\/div>\n<div style=\"text-align: center;\">radio patrulha &#8211; heleninha costa<\/div>\n<div style=\"text-align: center;\"><\/div>\n<div style=\"text-align: center;\">.<\/div>\n<div style=\"text-align: center;\"><\/div>\n","protected":false},"excerpt":{"rendered":"<p>Bom dia, amigos foli\u00f5es! Espero que todos estejam bem, sem ressaca e prontos para mais um dia de carnaval. Para este domingo, vamos relembrar oque \u00a0rolou de sucesso no Carnaval de 1956. Temos aqui um lp de 10 polegadas lan\u00e7ado &hellip; <a href=\"https:\/\/www.toque-musicall.com\/?p=3994\">Continue lendo <span class=\"meta-nav\">&rarr;<\/span><\/a><\/p>\n","protected":false},"author":1,"featured_media":0,"comment_status":"open","ping_status":"closed","sticky":false,"template":"","format":"standard","meta":{"footnotes":""},"categories":[199,176,586,1286,263,267,2304,119,1459,1131,262,152,29],"tags":[],"class_list":["post-3994","post","type-post","status-publish","format-standard","hentry","category-angela-maria","category-blackout","category-blecaute","category-carmen-costa","category-carnaval","category-gilberto-alves","category-heleninha-costa","category-jackson-do-pandeiro","category-joao-dias","category-jorge-veiga","category-roberto-silva","category-selo-copacabana","category-vocalistas-tropicais"],"_links":{"self":[{"href":"https:\/\/www.toque-musicall.com\/index.php?rest_route=\/wp\/v2\/posts\/3994","targetHints":{"allow":["GET"]}}],"collection":[{"href":"https:\/\/www.toque-musicall.com\/index.php?rest_route=\/wp\/v2\/posts"}],"about":[{"href":"https:\/\/www.toque-musicall.com\/index.php?rest_route=\/wp\/v2\/types\/post"}],"author":[{"embeddable":true,"href":"https:\/\/www.toque-musicall.com\/index.php?rest_route=\/wp\/v2\/users\/1"}],"replies":[{"embeddable":true,"href":"https:\/\/www.toque-musicall.com\/index.php?rest_route=%2Fwp%2Fv2%2Fcomments&post=3994"}],"version-history":[{"count":2,"href":"https:\/\/www.toque-musicall.com\/index.php?rest_route=\/wp\/v2\/posts\/3994\/revisions"}],"predecessor-version":[{"id":3998,"href":"https:\/\/www.toque-musicall.com\/index.php?rest_route=\/wp\/v2\/posts\/3994\/revisions\/3998"}],"wp:attachment":[{"href":"https:\/\/www.toque-musicall.com\/index.php?rest_route=%2Fwp%2Fv2%2Fmedia&parent=3994"}],"wp:term":[{"taxonomy":"category","embeddable":true,"href":"https:\/\/www.toque-musicall.com\/index.php?rest_route=%2Fwp%2Fv2%2Fcategories&post=3994"},{"taxonomy":"post_tag","embeddable":true,"href":"https:\/\/www.toque-musicall.com\/index.php?rest_route=%2Fwp%2Fv2%2Ftags&post=3994"}],"curies":[{"name":"wp","href":"https:\/\/api.w.org\/{rel}","templated":true}]}}