{"id":3999,"date":"2014-03-03T11:15:51","date_gmt":"2014-03-03T14:15:51","guid":{"rendered":"http:\/\/www.toque-musicall.com\/?p=3999"},"modified":"2014-03-03T11:15:51","modified_gmt":"2014-03-03T14:15:51","slug":"carnaval-b-selecao-78-rpm-do-toque-musical-vol-92-2014","status":"publish","type":"post","link":"https:\/\/www.toque-musicall.com\/?p=3999","title":{"rendered":"Carnaval B &#8211; Sele\u00e7\u00e3o 78 RPM Do Toque Musical Vol. 92 (2014)"},"content":{"rendered":"<p><img loading=\"lazy\" decoding=\"async\" class=\"aligncenter\" alt=\"\" src=\"http:\/\/1.bp.blogspot.com\/-TNq3n7gMzjQ\/UxR-C-pUgCI\/AAAAAAAAInw\/AUaqe6GCbiY\/s1600\/CAPA+carp.JPG\" width=\"1000\" height=\"1000\" \/><img loading=\"lazy\" decoding=\"async\" class=\"aligncenter\" alt=\"\" src=\"http:\/\/1.bp.blogspot.com\/-z7wveQM64uE\/UxR96cXBydI\/AAAAAAAAIno\/JttcYsHgYq4\/s1600\/CONTRACAPAp.JPG\" width=\"1000\" height=\"1000\" \/><\/p>\n<p>O carnaval continua aqui no Grand Record Brazil. Apresentamos nesta semana mais 14 m\u00fasicas destinadas \u00e0 folia de Momo, gravadas na era das 78 rota\u00e7\u00f5es por minuto. V\u00e1rias delas cl\u00e1ssicos inesquec\u00edveis. E come\u00e7amos com o p\u00e9 direito, apresentando um cl\u00e1ssico inesquec\u00edvel: \u201cPastorinhas\u201d, de Jo\u00e3o \u201cBraguinha\u201d de Barro e Noel Rosa. Esta composi\u00e7\u00e3o havia sido lan\u00e7ada originalmente para o carnaval de 1935, na voz de Jo\u00e3o Petra de Barros, com o nome de \u201cLinda pequena\u201d, sem no entanto repercutir. Ap\u00f3s o falecimento prematuro de Noel, em 1937, Braguinha resolveu relan\u00e7ar esta bela marcha-rancho para a folia do ano seguinte, fazendo uma ou outra altera\u00e7\u00e3o na letra e rebatizando-a \u201cPastorinhas\u201d. S\u00edlvio Caldas a imortalizou na Odeon em 13 de dezembro de 1937, com lan\u00e7amento em janeiro de 38 sob n.o 11567-A, matriz 5733. E \u201cPastorinhas\u201d, al\u00e9m de ser um sucesso inesquec\u00edvel, venceria o concurso oficial de carnaval da prefeitura do Rio de Janeiro. A vencedora na categoria marcha tinha sido \u201cTouradas em Madri\u201d, tamb\u00e9m de Braguinha com Alberto Ribeiro, mas acabou sendo desclassificada sob a alega\u00e7\u00e3o de que se tratava de um passo-doble espanhol. Evidentemente, Braguinha n\u00e3o ficou sem o primeiro lugar entre as marchas, pois \u201cPastorinhas\u201d subiu do segundo para o primeiro lugar! A faixa seguinte \u00e9 mais uma cl\u00e1ssica marchinha, esta do carnaval de 1932: \u201cTeu cabelo n\u00e3o nega\u201d, adapta\u00e7\u00e3o feita por Lamartine Babo para o frevo-can\u00e7\u00e3o \u201cMulata\u201d, dos irm\u00e3os Raul e Jo\u00e3o Valen\u00e7a. Castro Barbosa levou a m\u00fasica a disco, tornado-a um sucesso permanente da folia de Momo, e a regravaria outras vezes. A vers\u00e3o desta edi\u00e7\u00e3o, tamb\u00e9m gravada na RCA Victor, \u00e9 de 17 de outubro de 1952, lan\u00e7ada em dezembro do mesmo ano sob n.o 80-1072-A, matriz SB-093524, e mant\u00e9m sua famosa introdu\u00e7\u00e3o instrumental. E tome marchinha cl\u00e1ssica! Agora \u00e9 \u201cMam\u00e3e, eu quero\u201d, de Jararaca e Vicente Paiva, do carnaval de 1937, um sucesso que \u00e9 lembrado at\u00e9 hoje e ultrapassou as fronteiras do Brasil (tocou at\u00e9 em desenho animado de Tom e Jerry!). O pr\u00f3prio Jararaca imortalizou a marchinha na Odeon em 17 de dezembro de 1936, com lan\u00e7amento um m\u00eas antes da folia, em janeiro, sob n.o 11449-A, matriz 5499. Destaque, na grava\u00e7\u00e3o, para o hilariante di\u00e1logo inicial, em que o papel da m\u00e3e \u00e9 feito por Almirante. Prosseguindo nosso desfile de cl\u00e1ssicos carnavalescos, Orlando Silva, o eterno \u201ccantor das multid\u00f5es\u201d,\u00a0\u00a0nos brinda com a impec\u00e1vel marcha-rancho \u201cMalmequer\u201d, de Newton Teixeira e Crist\u00f3v\u00e3o de Alencar, o \u201camigo velho\u201d, hit inesquec\u00edvel do carnaval de 1940. Grava\u00e7\u00e3o Victor de 4 de novembro de 1939, lan\u00e7ada um m\u00eas antes do tr\u00edduo momesco, em janeiro, sob n.o 34544-A, matriz 33248. O eterno e sempre bem-humorado Lamartine Babo volta \u00e0 cena neste retrospecto carnavalesco, agora com a marchinha \u201cLinda morena\u201d, absoluta no carnaval de 1933, que ele pr\u00f3prio interpreta ao lado de M\u00e1rio Reis. Grava\u00e7\u00e3o Victor de 26 de dezembro de 1932, lan\u00e7ada bem em cima da folia, em fevereiro, sob n.o 33614-A, matriz 65631. Destaca-se no coro, deste registro, uma voz feminina que parece ser a de C\u00e1rmen Miranda. E falando em C\u00e1rmen Miranda, ela aqui comparece com duas faixas. A primeira, da parceria Braguinha-Alberto Ribeiro, muitos conhecem na\u00a0\u00a0interpreta\u00e7\u00e3o de Gal Costa: \u00e9 a famosa marchinha \u201cBalanc\u00ea\u201d, de Jo\u00e3o \u201cBraguinha\u201d de Barro e Alberto Ribeiro, do carnaval de 1937. C\u00e1rmen a gravou na Odeon em 19 de novembro de 1936, com lan\u00e7amento um m\u00eas antes do carnaval, em janeiro, sob n.o\u00a0\u00a011430-A, matriz 5457. Apesar de ter obtido alguma aceita\u00e7\u00e3o, \u201cBalanc\u00ea\u201d ficou esquecida com o passar do tempo, at\u00e9 que Gal Costa,\u00a0\u00a0mais de 40 anos depois, a tirasse do esquecimento no LP \u201cGal tropical\u201d e a transformasse em hit permanente de todos os carnavais a partir de 1980. A outra marchinha com C\u00e1rmen Miranda nesta edi\u00e7\u00e3o \u00e9 a maliciosa \u201cEu dei&#8230;\u201d (\u201cO que foi que voc\u00ea deu, meu bem?\u201d), do carnaval de 1938. Grava\u00e7\u00e3o Odeon de 21 de setembro de 1937, lan\u00e7ada ainda em dezembro com o n\u00famero 11540-B, matriz\u00a05670. No fim, descobre-se que a personagem havia dado um beijo, e quem canta os versos finais (\u201cguarde para mim unzinho, que mais tarde pagarei com um jurinho\u201d) \u00e9 o pr\u00f3prio Ary Barroso! Aurora Miranda, irm\u00e3 de C\u00e1rmen, aqui comparece com outras duas marchinhas, ambas do carnaval de 1940, e em grava\u00e7\u00f5es Victor. A primeira \u00e9 \u201cQue horas s\u00e3o estas?\u201d, de Ant\u00f4nio Almeida e Oswaldo Santiago, do carnaval de 1940. Foi gravada em 18 de outubro de 1939, e lan\u00e7ada ainda em dezembro sob n.o\u00a0\u00a034530-A, matriz 33191. Dias antes, a 3 de outubro de 39, Aurora j\u00e1 havia gravado \u201cN\u00e3o vejo jeito\u201d, de Ismael Silva, lan\u00e7ada em novembro seguinte com o n.o 34519-B, matriz 33170. A carioca Dora Lopes (1922-1983), grande compositora e int\u00e9rprete de sambas, comparece aqui com a divertida marchinha \u201cFila do gargarejo\u201d, dela pr\u00f3pria em parceria com Jos\u00e9 Batista e Nilo Viana. \u00c9 do carnaval de 1958, lan\u00e7ada em fins do ano anterior pela Mocambo, gravadora do Recife que pertencia aos irm\u00e3os Rozenblit, sob n.o 15196-A, matriz R-910. As Irm\u00e3s Pag\u00e3s (Elvira e Rosina, esta falecida recentemente, anos depois de Elvira) apresentam-nos \u201c\u00c1gua mole em pedra dura\u201d, marchinha do carnaval de 1940, de autoria de S\u00e1tiro de Melo e Manoel Moreira. Foi gravada na Columbia em 24 de outubro de 1939, e lan\u00e7ada ainda em dezembro com o n\u00famero 55181-A, matriz 224. Dois inesquec\u00edveis int\u00e9rpretes se re\u00fanem na faixa seguinte: Francisco Alves, o Rei da Voz, e Dalva de Oliveira, o Rouxinol do Brasil, interpretam a bel\u00edssima marcha-rancho \u201cAndorinha\u201d, de Herivelto Martins (ent\u00e3o marido de Dalva) e Haroldo Barbosa, um dos sucessos do carnaval de 1946, conhecido como o \u201ccarnaval da vit\u00f3ria\u201d por ter acontecido ap\u00f3s o t\u00e9rmino da Segunda Guerra Mundial, com a vit\u00f3ria dos pa\u00edses aliados sobre os do Eixo (Alemanha, It\u00e1lia e Jap\u00e3o). A dupla a imortalizou na Odeon em 5 de dezembro de 1945, e o lan\u00e7amento se deu um m\u00eas antes da folia, em janeiro, sob n.o 12660-A, matriz 7954. Para finalizar, trazemos a cantora Lolita Fran\u00e7a, sobre a qual pouqu\u00edssima coisa se sabe. Aqui ela revive a \u201cmarcha-can\u00e7\u00e3o\u201d (como foi editada originalmente)\u201cTa\u00ed\u201d (cujo t\u00edtulo original era \u201cPra voc\u00ea gostar de mim\u201d), de Joubert de Carvalho,\u00a0\u00a0com a qual C\u00e1rmen Miranda despontou para o estrelato em 1930. A regrava\u00e7\u00e3o de Lolita \u00e9 de 7 de julho de 1939, lan\u00e7ada pela Victor em setembro do mesmo ano, disco\u00a0\u00a034486-B, matriz 33116. Lolita Fran\u00e7a gravou, entre 1939 e 1942, onze discos com vinte e duas m\u00fasicas, e suas grava\u00e7\u00f5es obtiveram algum sucesso na Argentina. Enfim, esta \u00e9 a segunda e \u00faltima parte do retrospecto carnavalesco do Grand Record Brazil, por certo expressiva contribui\u00e7\u00e3o para a preserva\u00e7\u00e3o da mem\u00f3ria musical do Brasil. Divirtam-s<a href=\"http:\/\/depositfiles.org\/files\/fy1d92lkv\" target=\"_blank\">e<\/a>!<\/p>\n<p>* Texto de Samuel Machado Filho<\/p>\n","protected":false},"excerpt":{"rendered":"<p>O carnaval continua aqui no Grand Record Brazil. Apresentamos nesta semana mais 14 m\u00fasicas destinadas \u00e0 folia de Momo, gravadas na era das 78 rota\u00e7\u00f5es por minuto. V\u00e1rias delas cl\u00e1ssicos inesquec\u00edveis. E come\u00e7amos com o p\u00e9 direito, apresentando um cl\u00e1ssico &hellip; <a href=\"https:\/\/www.toque-musicall.com\/?p=3999\">Continue lendo <span class=\"meta-nav\">&rarr;<\/span><\/a><\/p>\n","protected":false},"author":1,"featured_media":0,"comment_status":"open","ping_status":"closed","sticky":false,"template":"","format":"standard","meta":{"footnotes":""},"categories":[933,225,263,818,268,2337,2336,764,2271,817,85,13,12],"tags":[],"class_list":["post-3999","post","type-post","status-publish","format-standard","hentry","category-aurora-miranda","category-carmem-miranda","category-carnaval","category-castro-barbosa","category-dora-lopes","category-irmas-pagas","category-jararaca","category-lamartine-babo","category-lolita-franca","category-mario-reis","category-orlando-silva","category-selo-grand-record-brazil","category-silvio-caldas"],"_links":{"self":[{"href":"https:\/\/www.toque-musicall.com\/index.php?rest_route=\/wp\/v2\/posts\/3999","targetHints":{"allow":["GET"]}}],"collection":[{"href":"https:\/\/www.toque-musicall.com\/index.php?rest_route=\/wp\/v2\/posts"}],"about":[{"href":"https:\/\/www.toque-musicall.com\/index.php?rest_route=\/wp\/v2\/types\/post"}],"author":[{"embeddable":true,"href":"https:\/\/www.toque-musicall.com\/index.php?rest_route=\/wp\/v2\/users\/1"}],"replies":[{"embeddable":true,"href":"https:\/\/www.toque-musicall.com\/index.php?rest_route=%2Fwp%2Fv2%2Fcomments&post=3999"}],"version-history":[{"count":1,"href":"https:\/\/www.toque-musicall.com\/index.php?rest_route=\/wp\/v2\/posts\/3999\/revisions"}],"predecessor-version":[{"id":4002,"href":"https:\/\/www.toque-musicall.com\/index.php?rest_route=\/wp\/v2\/posts\/3999\/revisions\/4002"}],"wp:attachment":[{"href":"https:\/\/www.toque-musicall.com\/index.php?rest_route=%2Fwp%2Fv2%2Fmedia&parent=3999"}],"wp:term":[{"taxonomy":"category","embeddable":true,"href":"https:\/\/www.toque-musicall.com\/index.php?rest_route=%2Fwp%2Fv2%2Fcategories&post=3999"},{"taxonomy":"post_tag","embeddable":true,"href":"https:\/\/www.toque-musicall.com\/index.php?rest_route=%2Fwp%2Fv2%2Ftags&post=3999"}],"curies":[{"name":"wp","href":"https:\/\/api.w.org\/{rel}","templated":true}]}}