{"id":400,"date":"2011-07-05T11:46:00","date_gmt":"2011-07-05T11:46:00","guid":{"rendered":"http:\/\/www.toque-musicall.com\/?p=400"},"modified":"2011-07-05T11:46:00","modified_gmt":"2011-07-05T11:46:00","slug":"lucio-alves-mulheres-vestidas-por-chico-de-moraes-1975","status":"publish","type":"post","link":"https:\/\/www.toque-musicall.com\/?p=400","title":{"rendered":"L\u00facio Alves &#8211; Mulheres Vestidas &#8211; Por Chico De Moraes (1975)"},"content":{"rendered":"<div style=\"clear: both; text-align: center;\"><a href=\"http:\/\/2.bp.blogspot.com\/-0rAQ-ADv8uM\/ThLzuerQiXI\/AAAAAAAAIMA\/PS0-edHVapY\/s1600\/lucio+alves+P.JPG\" style=\"margin-left: 1em; margin-right: 1em;\"><img loading=\"lazy\" decoding=\"async\" border=\"0\" height=\"397\" src=\"http:\/\/2.bp.blogspot.com\/-0rAQ-ADv8uM\/ThLzuerQiXI\/AAAAAAAAIMA\/PS0-edHVapY\/s400\/lucio+alves+P.JPG\" width=\"400\" \/><\/a><\/div>\n<p>Bom dia a todos! Hummm&#8230; Adoro manh\u00e3s de inverno ensolaradas. Hoje est\u00e1 pra mim \ud83d\ude09 E para que o dia fique ainda melhor, eu escolhi a dedo este disquinho maneiro do L\u00facio Alves. N\u00e3o sei se voc\u00eas conhecem, mas este \u00e1lbum tem a peculiaridade de trazer em seu repert\u00f3rio somente m\u00fasicas com nomes de mulheres. Est\u00e3o reunidas aqui algumas das mais famosas melodias do nosso cancioneiro popular. Eu cheguei mesmo a pensar em fazer uma colet\u00e2nea nesta linha. Quem sabe? Pode ser bacana, n\u00e3o \u00e9 mesmo? Que tal ent\u00e3o se voc\u00eas me ajudassem nessa tarefa? Vamos aproveitar esse m\u00eas de julho para irmos coletando m\u00fasicas com nomes de mulheres. Eu vou ficar aguardando os amigos cultos e tamb\u00e9m os ocultos. Mandem para o e-mail do Toque Musical. Quando tivermos reunidas umas 100 m\u00fasicas eu publico aqui no blog, ok?<br \/>Mas por enquanto, vamos saboreado a Ana Lu\u00edza, a Janu\u00e1ria, a Ligia, a Izabela, a Risoleta, a Juaracy, a Florisbela, a Rosa, a Maria, a Dolores e a Helena, Helene, Helena&#8230; De quebra ainda vai a &#8220;Mulher&#8221; de Cust\u00f3dio Mesquita e Sady Cabral. Todas aqui cantadas (no bom sentido) pelo mestre L\u00facio Alves.<br \/>Disco produzido por Aloysio de Oliveira, com arranjos e reg\u00eancias de Chico de Moraes. Confiram&#8230;<\/p>\n<div style=\"text-align: center;\">mulher<\/div>\n<div style=\"text-align: center;\">ana luiza<\/div>\n<div style=\"text-align: center;\">juracy<\/div>\n<div style=\"text-align: center;\">florisbela<\/div>\n<div style=\"text-align: center;\">maria<\/div>\n<div style=\"text-align: center;\">rosa<\/div>\n<div style=\"text-align: center;\">izabela<\/div>\n<div style=\"text-align: center;\">janu\u00e1ria<\/div>\n<div style=\"text-align: center;\">risoleta<\/div>\n<div style=\"text-align: center;\">ligia<\/div>\n<div style=\"text-align: center;\">dolores<\/div>\n<div style=\"text-align: center;\">helena, helena, helena<\/div>\n<div style=\"text-align: center;\">um nome de mulher<\/div>\n<div style=\"text-align: center;\">mulher<\/div>\n","protected":false},"excerpt":{"rendered":"<p>Bom dia a todos! Hummm&#8230; Adoro manh\u00e3s de inverno ensolaradas. Hoje est\u00e1 pra mim \ud83d\ude09 E para que o dia fique ainda melhor, eu escolhi a dedo este disquinho maneiro do L\u00facio Alves. N\u00e3o sei se voc\u00eas conhecem, mas este &hellip; <a href=\"https:\/\/www.toque-musicall.com\/?p=400\">Continue lendo <span class=\"meta-nav\">&rarr;<\/span><\/a><\/p>\n","protected":false},"author":1,"featured_media":0,"comment_status":"open","ping_status":"closed","sticky":false,"template":"","format":"standard","meta":{"footnotes":""},"categories":[645,70],"tags":[],"class_list":["post-400","post","type-post","status-publish","format-standard","hentry","category-lucio-alves","category-selo-rca-victor"],"_links":{"self":[{"href":"https:\/\/www.toque-musicall.com\/index.php?rest_route=\/wp\/v2\/posts\/400","targetHints":{"allow":["GET"]}}],"collection":[{"href":"https:\/\/www.toque-musicall.com\/index.php?rest_route=\/wp\/v2\/posts"}],"about":[{"href":"https:\/\/www.toque-musicall.com\/index.php?rest_route=\/wp\/v2\/types\/post"}],"author":[{"embeddable":true,"href":"https:\/\/www.toque-musicall.com\/index.php?rest_route=\/wp\/v2\/users\/1"}],"replies":[{"embeddable":true,"href":"https:\/\/www.toque-musicall.com\/index.php?rest_route=%2Fwp%2Fv2%2Fcomments&post=400"}],"version-history":[{"count":0,"href":"https:\/\/www.toque-musicall.com\/index.php?rest_route=\/wp\/v2\/posts\/400\/revisions"}],"wp:attachment":[{"href":"https:\/\/www.toque-musicall.com\/index.php?rest_route=%2Fwp%2Fv2%2Fmedia&parent=400"}],"wp:term":[{"taxonomy":"category","embeddable":true,"href":"https:\/\/www.toque-musicall.com\/index.php?rest_route=%2Fwp%2Fv2%2Fcategories&post=400"},{"taxonomy":"post_tag","embeddable":true,"href":"https:\/\/www.toque-musicall.com\/index.php?rest_route=%2Fwp%2Fv2%2Ftags&post=400"}],"curies":[{"name":"wp","href":"https:\/\/api.w.org\/{rel}","templated":true}]}}