{"id":401,"date":"2011-07-04T13:28:00","date_gmt":"2011-07-04T13:28:00","guid":{"rendered":"http:\/\/www.toque-musicall.com\/?p=401"},"modified":"2011-07-04T13:28:00","modified_gmt":"2011-07-04T13:28:00","slug":"portinho-ritmo-das-americas-1958","status":"publish","type":"post","link":"https:\/\/www.toque-musicall.com\/?p=401","title":{"rendered":"Portinho &#8211; Ritmo Das Am\u00e9ricas (1958)"},"content":{"rendered":"<div style=\"clear: both; text-align: center;\"><a href=\"http:\/\/2.bp.blogspot.com\/-GXlWywWDbu4\/ThGmWiwFCoI\/AAAAAAAAIL4\/tYGbcrUBVes\/s1600\/portinho+P.JPG\" style=\"margin-left: 1em; margin-right: 1em;\"><img loading=\"lazy\" decoding=\"async\" border=\"0\" height=\"395\" src=\"http:\/\/2.bp.blogspot.com\/-GXlWywWDbu4\/ThGmWiwFCoI\/AAAAAAAAIL4\/tYGbcrUBVes\/s400\/portinho+P.JPG\" width=\"400\" \/><\/a><\/div>\n<p>Bom dia, amigos cultos e ocultos! Eu ainda n\u00e3o atualizei algumas postagens que me foram solicitadas, mas prometo que ainda nesta semana o farei. Bem porque, na pr\u00f3xima eu j\u00e1 estarei de f\u00e9rias e espero, dar uma pausa aqui no Toque Musical por uns dias.<br \/>Hoje n\u00f3s iremos como o saxofonista Antonio Porto Filho, mais conhecido como Portinho. Interessante, eu pensava que Portinho fosse um apelido, pelo fato deste instrumentista ter vindo do Rio Grande do Sul. Mas realmente n\u00e3o tem nada a ver. Contam que ele veio trabalhar no Rio e S\u00e3o Paulo atrav\u00e9s do cantor Nelson Gon\u00e7alves, que o descobriu. Na segunda metade da d\u00e9cada de 40 ele foi para o Rio de Janeiro, onde trabalhou na R\u00e1dio Tupi &#8211; Tamoio. Depois mudou-se para S\u00e3o Paulo onde tamb\u00e9m tocou em r\u00e1dios, gravou com diversos artistas da \u00e9poca, fez arranjos e regeu orquestras. Seus primeiros discos, como este &#8220;Ritmos das Am\u00e9ricas&#8221;, s\u00e3o recheados de &#8216;standards&#8217; da m\u00fasica internacional e sucessos nacionais. Mas h\u00e1 tamb\u00e9m espa\u00e7o para as suas composi\u00e7\u00f5es. M\u00fasicas como &#8220;Beijo nos olhos&#8221;, &#8220;Folhas soltas&#8221; e &#8220;Supersti\u00e7\u00e3o&#8221;, &#8220;Cidade grande&#8221; e &#8220;Cora\u00e7\u00e3o apaixonado&#8221;, que constam neste lp, s\u00e3o m\u00fasicas suas que fizeram um relativo sucesso na \u00e9poca. Portinho trabalhou com os mais diferentes artistas e tamb\u00e9m ajudou a lan\u00e7ar outros, como Claudia Barroso. Foi uma arranjador e produtor muito atuante nos anos 60, principalmente com artistas da Jovem Guarda. V\u00e1rios de seus arranjos se tornaram c\u00e9lebres, como a impag\u00e1vel &#8220;Eu n\u00e3o sou cachorro n\u00e3o&#8221;, de Waldick Soriano. Seu \u00faltimo grande momento foi ao lado da Orquestra Jazz Sinf\u00f4nica, onde foi regente convidado. Foram v\u00e1rios os discos gravados por ele, mesmo assim \u00e9 mais f\u00e1cil identific\u00e1-lo em trabalhos de outros artistas.<br \/>Como eu disse, &#8220;Ritmos das Am\u00e9ricas&#8221; \u00e9 um \u00e1lbum onde ele nos apresenta uma s\u00e9rie mista regada de samba, bolero, beguine e fox. Seu sax alto vem acompanhado de orquestra, com arranjos e dire\u00e7\u00e3o do maestro Hector Lagna Fietta. Confiram&#8230; \ud83d\ude42<\/p>\n<div style=\"text-align: center;\">cidade grande<\/div>\n<div style=\"text-align: center;\">moonlight serenade<\/div>\n<div style=\"text-align: center;\">este \u00e9 o samba<\/div>\n<div style=\"text-align: center;\">an affair to remember<\/div>\n<div style=\"text-align: center;\">cora\u00e7\u00e3o apaixonado<\/div>\n<div style=\"text-align: center;\">the dream of the olwen<\/div>\n<div style=\"text-align: center;\">no rancho fundo<\/div>\n<div style=\"text-align: center;\">to the ends of the earth<\/div>\n<div style=\"text-align: center;\">cocktail for two<\/div>\n<div style=\"text-align: center;\">vivo a cantar<\/div>\n<div style=\"text-align: center;\">quero te assim<\/div>\n<div style=\"text-align: center;\">sllepy lagoon<\/div>\n","protected":false},"excerpt":{"rendered":"<p>Bom dia, amigos cultos e ocultos! Eu ainda n\u00e3o atualizei algumas postagens que me foram solicitadas, mas prometo que ainda nesta semana o farei. Bem porque, na pr\u00f3xima eu j\u00e1 estarei de f\u00e9rias e espero, dar uma pausa aqui no &hellip; <a href=\"https:\/\/www.toque-musicall.com\/?p=401\">Continue lendo <span class=\"meta-nav\">&rarr;<\/span><\/a><\/p>\n","protected":false},"author":1,"featured_media":0,"comment_status":"open","ping_status":"closed","sticky":false,"template":"","format":"standard","meta":{"footnotes":""},"categories":[448,86],"tags":[],"class_list":["post-401","post","type-post","status-publish","format-standard","hentry","category-portinho","category-selo-odeon"],"_links":{"self":[{"href":"https:\/\/www.toque-musicall.com\/index.php?rest_route=\/wp\/v2\/posts\/401","targetHints":{"allow":["GET"]}}],"collection":[{"href":"https:\/\/www.toque-musicall.com\/index.php?rest_route=\/wp\/v2\/posts"}],"about":[{"href":"https:\/\/www.toque-musicall.com\/index.php?rest_route=\/wp\/v2\/types\/post"}],"author":[{"embeddable":true,"href":"https:\/\/www.toque-musicall.com\/index.php?rest_route=\/wp\/v2\/users\/1"}],"replies":[{"embeddable":true,"href":"https:\/\/www.toque-musicall.com\/index.php?rest_route=%2Fwp%2Fv2%2Fcomments&post=401"}],"version-history":[{"count":0,"href":"https:\/\/www.toque-musicall.com\/index.php?rest_route=\/wp\/v2\/posts\/401\/revisions"}],"wp:attachment":[{"href":"https:\/\/www.toque-musicall.com\/index.php?rest_route=%2Fwp%2Fv2%2Fmedia&parent=401"}],"wp:term":[{"taxonomy":"category","embeddable":true,"href":"https:\/\/www.toque-musicall.com\/index.php?rest_route=%2Fwp%2Fv2%2Fcategories&post=401"},{"taxonomy":"post_tag","embeddable":true,"href":"https:\/\/www.toque-musicall.com\/index.php?rest_route=%2Fwp%2Fv2%2Ftags&post=401"}],"curies":[{"name":"wp","href":"https:\/\/api.w.org\/{rel}","templated":true}]}}