{"id":4012,"date":"2014-03-06T08:27:33","date_gmt":"2014-03-06T11:27:33","guid":{"rendered":"http:\/\/www.toque-musicall.com\/?p=4012"},"modified":"2014-03-06T08:27:33","modified_gmt":"2014-03-06T11:27:33","slug":"onessimo-gomes-serestas-do-brasil-1957","status":"publish","type":"post","link":"https:\/\/www.toque-musicall.com\/?p=4012","title":{"rendered":"Onessimo Gomes &#8211; Serestas Do Brasil (1957)"},"content":{"rendered":"<p><img loading=\"lazy\" decoding=\"async\" class=\"aligncenter\" alt=\"\" src=\"http:\/\/1.bp.blogspot.com\/-EGmw4lanoRQ\/UxhOSfilykI\/AAAAAAAAIo0\/ChMHNHL5XxA\/s1600\/folder.jpg\" width=\"1000\" height=\"981\" \/><img loading=\"lazy\" decoding=\"async\" class=\"aligncenter\" alt=\"\" src=\"http:\/\/2.bp.blogspot.com\/-0TqKnrrxGn8\/UxhOIypLQ2I\/AAAAAAAAIos\/o_88aZmtMfg\/s1600\/contrap.JPG\" width=\"1000\" height=\"975\" \/><\/p>\n<div>Ol\u00e1 amigos cultos e ocultos! Passados os quatro dias de Carnaval, na Quarta de Cinzas eu descansei. E olha que n\u00e3o foi por conta da folia! Este ano eu fiquei &#8216;pianinho&#8217; e s\u00f3 na \u00e1gua mineral. Carnaval, s\u00f3 aqui mesmo, no Toque Musical.<\/div>\n<div>Retomando \u00e0 rotina, aqui vai mais um prometido. H\u00e1 tempos atr\u00e1s eu postei aqui o \u00e1lbum &#8220;Serestas do Brasil N. 3&#8221; e logo em seguida vieram os pedidos para que eu postasse tamb\u00e9m os n\u00fameros 1 e 2. Infelizmente o segundo eu ainda n\u00e3o encontrei, mas o primeiro est\u00e1 na m\u00e3o. Ou melhor dizendo, t\u00e1 no GTM! Eis aqui o \u00e1lbum original de 10 polegadas, lan\u00e7ado em 1957 pelo selo R\u00e1dio. Em 58 ele seria relan\u00e7ado na vers\u00e3o 12 polegadas, com quatro outras m\u00fasicas e uma capa com ligeiras altera\u00e7\u00f5es, onde o desenho do seresteiro d\u00e1 lugar a figura do pr\u00f3prio cantor On\u00e9ssimo Gomes. Este \u00e1lbum de 12&#8242; j\u00e1 foi postado em outros blogs e creio, ainda pode ser baixado. Aqui, ficamos mais pela curiosidade e necessidade de mostrar a vers\u00e3o inicial. Sem d\u00favida, um excelente \u00e1lbum, contemplando algumas das mais belas valsas e can\u00e7\u00f5es seresteiras, com arranjos e orquestra\u00e7\u00e3o do maestro Aldo Taranto. Destaco dois cl\u00e1ssicos, que para mim, s\u00e3o as melhores: &#8220;L\u00e1grimas&#8221; e &#8220;Noite Cheia de Estrela<a href=\"http:\/\/depositfiles.org\/files\/5k1hdw6fw\" target=\"_blank\">s<\/a>&#8220;.<\/div>\n<div><\/div>\n<div style=\"text-align: center;\">l\u00e1grimas<\/div>\n<div style=\"text-align: center;\">brinquedo do destino<\/div>\n<div style=\"text-align: center;\">a pequena cruz do teu ros\u00e1rio<\/div>\n<div style=\"text-align: center;\">para sempre adeus<\/div>\n<div style=\"text-align: center;\">a \u00faltima estrofe<\/div>\n<div style=\"text-align: center;\">mimi<\/div>\n<div style=\"text-align: center;\">noite cheia de estrelas<\/div>\n<div style=\"text-align: center;\">eterno amor<\/div>\n<div style=\"text-align: center;\"><\/div>\n<div style=\"text-align: center;\">.<\/div>\n<div style=\"text-align: center;\"><\/div>\n","protected":false},"excerpt":{"rendered":"<p>Ol\u00e1 amigos cultos e ocultos! Passados os quatro dias de Carnaval, na Quarta de Cinzas eu descansei. E olha que n\u00e3o foi por conta da folia! Este ano eu fiquei &#8216;pianinho&#8217; e s\u00f3 na \u00e1gua mineral. Carnaval, s\u00f3 aqui mesmo, &hellip; <a href=\"https:\/\/www.toque-musicall.com\/?p=4012\">Continue lendo <span class=\"meta-nav\">&rarr;<\/span><\/a><\/p>\n","protected":false},"author":1,"featured_media":0,"comment_status":"open","ping_status":"closed","sticky":false,"template":"","format":"standard","meta":{"footnotes":""},"categories":[1687,221],"tags":[],"class_list":["post-4012","post","type-post","status-publish","format-standard","hentry","category-onessimo-gomes","category-selo-radio"],"_links":{"self":[{"href":"https:\/\/www.toque-musicall.com\/index.php?rest_route=\/wp\/v2\/posts\/4012","targetHints":{"allow":["GET"]}}],"collection":[{"href":"https:\/\/www.toque-musicall.com\/index.php?rest_route=\/wp\/v2\/posts"}],"about":[{"href":"https:\/\/www.toque-musicall.com\/index.php?rest_route=\/wp\/v2\/types\/post"}],"author":[{"embeddable":true,"href":"https:\/\/www.toque-musicall.com\/index.php?rest_route=\/wp\/v2\/users\/1"}],"replies":[{"embeddable":true,"href":"https:\/\/www.toque-musicall.com\/index.php?rest_route=%2Fwp%2Fv2%2Fcomments&post=4012"}],"version-history":[{"count":1,"href":"https:\/\/www.toque-musicall.com\/index.php?rest_route=\/wp\/v2\/posts\/4012\/revisions"}],"predecessor-version":[{"id":4015,"href":"https:\/\/www.toque-musicall.com\/index.php?rest_route=\/wp\/v2\/posts\/4012\/revisions\/4015"}],"wp:attachment":[{"href":"https:\/\/www.toque-musicall.com\/index.php?rest_route=%2Fwp%2Fv2%2Fmedia&parent=4012"}],"wp:term":[{"taxonomy":"category","embeddable":true,"href":"https:\/\/www.toque-musicall.com\/index.php?rest_route=%2Fwp%2Fv2%2Fcategories&post=4012"},{"taxonomy":"post_tag","embeddable":true,"href":"https:\/\/www.toque-musicall.com\/index.php?rest_route=%2Fwp%2Fv2%2Ftags&post=4012"}],"curies":[{"name":"wp","href":"https:\/\/api.w.org\/{rel}","templated":true}]}}