{"id":4027,"date":"2014-03-11T08:51:32","date_gmt":"2014-03-11T11:51:32","guid":{"rendered":"http:\/\/www.toque-musicall.com\/?p=4027"},"modified":"2014-03-11T08:51:32","modified_gmt":"2014-03-11T11:51:32","slug":"massimo-ranieri-meditazione-1976","status":"publish","type":"post","link":"https:\/\/www.toque-musicall.com\/?p=4027","title":{"rendered":"Massimo Ranieri &#8211; Meditazione (1976)"},"content":{"rendered":"<p><img loading=\"lazy\" decoding=\"async\" class=\"aligncenter\" alt=\"\" src=\"http:\/\/4.bp.blogspot.com\/-5CY_RYbljzE\/Ux7vcgQ7R4I\/AAAAAAAAIqg\/zRJYDpHMcz4\/s1600\/capap.JPG\" width=\"1000\" height=\"993\" \/><img loading=\"lazy\" decoding=\"async\" class=\"aligncenter\" alt=\"\" src=\"http:\/\/4.bp.blogspot.com\/-4nlb2FUD7aE\/Ux7vWhS8w6I\/AAAAAAAAIqY\/0rbhd80ZlXM\/s1600\/contrap.JPG\" width=\"1000\" height=\"1000\" \/><\/p>\n<p>Bom dia, amigos cultos e ocultos! Empolgado com as produ\u00e7\u00f5es internacionais, eu hoje trago para voc\u00eas um disco o qual eu at\u00e9 ent\u00e3o n\u00e3o conhecia. Fiquei surpreso ao descobri-lo, pois se trata de um trabalho de Eumir Deodato que eu n\u00e3o conhecia e por certo, muitos de voc\u00eas aqui tamb\u00e9m n\u00e3o conhecem. N\u00e3o me lembro de ter lido na biografia art\u00edstica de Eumir sobre este disco, onde ele faz a dire\u00e7\u00e3o musical, os arranjos e tamb\u00e9m toca. O \u00e1lbum \u00e9 uma produ\u00e7\u00e3o italiana da d\u00e9cada de 70, apresentando o cantor e tamb\u00e9m ator italiano, Massimo Ranieri. Sem d\u00favida, um disco muito interessante, onde Deodato recria obras da m\u00fasica cl\u00e1ssica em arranjos t\u00e3o bacanas quanto o que fez em &#8220;Also sprach Zarathustra&#8221;, de Straus<a href=\"http:\/\/depositfiles.org\/files\/bd65cbey3\" target=\"_blank\">s<\/a>.<\/p>\n<div style=\"text-align: center;\">adagio veneziano<\/div>\n<div style=\"text-align: center;\">serenata (de schubert)<\/div>\n<div style=\"text-align: center;\">notturno in mi b op.9 n.2 (de chopin)<\/div>\n<div style=\"text-align: center;\">meditazione<\/div>\n<div style=\"text-align: center;\">adagio in sol m (de albinoni)<\/div>\n<div style=\"text-align: center;\">il concerto di aranjuez<\/div>\n<div style=\"text-align: center;\"><\/div>\n<div style=\"text-align: center;\">.<\/div>\n","protected":false},"excerpt":{"rendered":"<p>Bom dia, amigos cultos e ocultos! Empolgado com as produ\u00e7\u00f5es internacionais, eu hoje trago para voc\u00eas um disco o qual eu at\u00e9 ent\u00e3o n\u00e3o conhecia. Fiquei surpreso ao descobri-lo, pois se trata de um trabalho de Eumir Deodato que eu &hellip; <a href=\"https:\/\/www.toque-musicall.com\/?p=4027\">Continue lendo <span class=\"meta-nav\">&rarr;<\/span><\/a><\/p>\n","protected":false},"author":1,"featured_media":0,"comment_status":"open","ping_status":"closed","sticky":false,"template":"","format":"standard","meta":{"footnotes":""},"categories":[1775,1071,624],"tags":[],"class_list":["post-4027","post","type-post","status-publish","format-standard","hentry","category-elmir-deodato","category-eumir-deodato","category-selo-epic"],"_links":{"self":[{"href":"https:\/\/www.toque-musicall.com\/index.php?rest_route=\/wp\/v2\/posts\/4027","targetHints":{"allow":["GET"]}}],"collection":[{"href":"https:\/\/www.toque-musicall.com\/index.php?rest_route=\/wp\/v2\/posts"}],"about":[{"href":"https:\/\/www.toque-musicall.com\/index.php?rest_route=\/wp\/v2\/types\/post"}],"author":[{"embeddable":true,"href":"https:\/\/www.toque-musicall.com\/index.php?rest_route=\/wp\/v2\/users\/1"}],"replies":[{"embeddable":true,"href":"https:\/\/www.toque-musicall.com\/index.php?rest_route=%2Fwp%2Fv2%2Fcomments&post=4027"}],"version-history":[{"count":1,"href":"https:\/\/www.toque-musicall.com\/index.php?rest_route=\/wp\/v2\/posts\/4027\/revisions"}],"predecessor-version":[{"id":4030,"href":"https:\/\/www.toque-musicall.com\/index.php?rest_route=\/wp\/v2\/posts\/4027\/revisions\/4030"}],"wp:attachment":[{"href":"https:\/\/www.toque-musicall.com\/index.php?rest_route=%2Fwp%2Fv2%2Fmedia&parent=4027"}],"wp:term":[{"taxonomy":"category","embeddable":true,"href":"https:\/\/www.toque-musicall.com\/index.php?rest_route=%2Fwp%2Fv2%2Fcategories&post=4027"},{"taxonomy":"post_tag","embeddable":true,"href":"https:\/\/www.toque-musicall.com\/index.php?rest_route=%2Fwp%2Fv2%2Ftags&post=4027"}],"curies":[{"name":"wp","href":"https:\/\/api.w.org\/{rel}","templated":true}]}}