{"id":403,"date":"2011-07-02T21:23:00","date_gmt":"2011-07-02T21:23:00","guid":{"rendered":"http:\/\/www.toque-musicall.com\/?p=403"},"modified":"2011-07-02T21:23:00","modified_gmt":"2011-07-02T21:23:00","slug":"oliveira-e-seus-black-boys-em-novas-travessuras-musicais-1962","status":"publish","type":"post","link":"https:\/\/www.toque-musicall.com\/?p=403","title":{"rendered":"Oliveira E Seus Black Boys Em Novas Travessuras Musicais (1962)"},"content":{"rendered":"<div style=\"clear: both; text-align: center;\"><a href=\"http:\/\/1.bp.blogspot.com\/-hLAT3ZRa1UI\/Tg-AeSy-4cI\/AAAAAAAAILo\/lXUgjhppYCI\/s1600\/oliveira+P.JPG\" style=\"margin-left: 1em; margin-right: 1em;\"><img loading=\"lazy\" decoding=\"async\" border=\"0\" height=\"398\" src=\"http:\/\/1.bp.blogspot.com\/-hLAT3ZRa1UI\/Tg-AeSy-4cI\/AAAAAAAAILo\/lXUgjhppYCI\/s400\/oliveira+P.JPG\" width=\"400\" \/><\/a><\/div>\n<p>Boa tarde, amigos cultos e ocultos! Hoje, s\u00e1bado, seria um dia dedicado \u00e0 colet\u00e2nea, mas foi tanta confus\u00e3o neste fim de semana, que eu acabei mesmo esquecendo. N\u00e3o deu nem tempo de preparar uma sele\u00e7\u00e3o interessante, com direito a capinha e tudo mais. Da\u00ed, hoje ficamos sem colet\u00e2nea, ok?<br \/>Em compensa\u00e7\u00e3o, estou trazendo aqui um disco bacana, bem apropriado para um s\u00e1bado. Trata-se de &#8220;Oliveira e Seus Black Boys&#8221;, em novas travessuras musicais. Bem sugestivo, voc\u00eas n\u00e3o acham? Pois \u00e9, foi um conjunto singular e dos mais agrad\u00e1veis, surgido no in\u00edcio dos anos 60. Liderado pelo saxofonista Antonio Oliveira de Souza, o grupo foi formado em 1961 exclusivamente com m\u00fasicos negros e de alta qualidade. Se n\u00e3o estou enganado, Dom Salvador tamb\u00e9m fez parte dos &#8220;Black Boys&#8221;.<br \/>Neste \u00e1lbum, o segundo, creio eu, temos a participa\u00e7\u00e3o da cantora Mari\u00e1, que d\u00e1 um tempero todo especial. Sua voz e seu estilo ca\u00ed como uma luva no instrumental dos rapazes. O repert\u00f3rio \u00e9 delicioso, explorando os ritmos quentes do samba, cha cha cha, twist, bolero e fox&#8230; M\u00fasica para festa e para dan\u00e7a. Recomendad\u00edssimo para um s\u00e1bado a noite. N\u00e3o deixem de conferir&#8230;<\/p>\n<div style=\"text-align: center;\">liberdade demais<\/div>\n<div style=\"text-align: center;\">moeda quebrada<\/div>\n<div style=\"text-align: center;\">deixa a nega gingar<\/div>\n<div style=\"text-align: center;\">dang dang<\/div>\n<div style=\"text-align: center;\">pedro twist<\/div>\n<div style=\"text-align: center;\">ten lonely weekends<\/div>\n<div style=\"text-align: center;\">pizzicati pizziacato<\/div>\n<div style=\"text-align: center;\">souvenir de amor<\/div>\n<div style=\"text-align: center;\">teu nome \u00e9 ningu\u00e9m<\/div>\n<div style=\"text-align: center;\">\u00e1gua com areia<\/div>\n<div style=\"text-align: center;\">samba brasileiro<\/div>\n<div style=\"text-align: center;\">que sabe voc\u00ea de mim<\/div>\n<div style=\"text-align: center;\">bong\u00f4 no cha cha cha<\/div>\n<div style=\"text-align: center;\">amor em cha cha cha<\/div>\n<div style=\"text-align: center;\">adelante<\/div>\n<div style=\"text-align: center;\">chorando chorando<\/div>\n<div style=\"text-align: center;\">e a vida continua<\/div>\n<div style=\"text-align: center;\">mudemos de assunto<\/div>\n","protected":false},"excerpt":{"rendered":"<p>Boa tarde, amigos cultos e ocultos! Hoje, s\u00e1bado, seria um dia dedicado \u00e0 colet\u00e2nea, mas foi tanta confus\u00e3o neste fim de semana, que eu acabei mesmo esquecendo. N\u00e3o deu nem tempo de preparar uma sele\u00e7\u00e3o interessante, com direito a capinha &hellip; <a href=\"https:\/\/www.toque-musicall.com\/?p=403\">Continue lendo <span class=\"meta-nav\">&rarr;<\/span><\/a><\/p>\n","protected":false},"author":1,"featured_media":0,"comment_status":"open","ping_status":"closed","sticky":false,"template":"","format":"standard","meta":{"footnotes":""},"categories":[647,152],"tags":[],"class_list":["post-403","post","type-post","status-publish","format-standard","hentry","category-oliveira-e-seus-black-boys","category-selo-copacabana"],"_links":{"self":[{"href":"https:\/\/www.toque-musicall.com\/index.php?rest_route=\/wp\/v2\/posts\/403","targetHints":{"allow":["GET"]}}],"collection":[{"href":"https:\/\/www.toque-musicall.com\/index.php?rest_route=\/wp\/v2\/posts"}],"about":[{"href":"https:\/\/www.toque-musicall.com\/index.php?rest_route=\/wp\/v2\/types\/post"}],"author":[{"embeddable":true,"href":"https:\/\/www.toque-musicall.com\/index.php?rest_route=\/wp\/v2\/users\/1"}],"replies":[{"embeddable":true,"href":"https:\/\/www.toque-musicall.com\/index.php?rest_route=%2Fwp%2Fv2%2Fcomments&post=403"}],"version-history":[{"count":0,"href":"https:\/\/www.toque-musicall.com\/index.php?rest_route=\/wp\/v2\/posts\/403\/revisions"}],"wp:attachment":[{"href":"https:\/\/www.toque-musicall.com\/index.php?rest_route=%2Fwp%2Fv2%2Fmedia&parent=403"}],"wp:term":[{"taxonomy":"category","embeddable":true,"href":"https:\/\/www.toque-musicall.com\/index.php?rest_route=%2Fwp%2Fv2%2Fcategories&post=403"},{"taxonomy":"post_tag","embeddable":true,"href":"https:\/\/www.toque-musicall.com\/index.php?rest_route=%2Fwp%2Fv2%2Ftags&post=403"}],"curies":[{"name":"wp","href":"https:\/\/api.w.org\/{rel}","templated":true}]}}