{"id":4032,"date":"2014-03-13T22:44:57","date_gmt":"2014-03-14T01:44:57","guid":{"rendered":"http:\/\/www.toque-musicall.com\/?p=4032"},"modified":"2014-03-14T06:47:50","modified_gmt":"2014-03-14T09:47:50","slug":"conjunto-musikantiga-de-sao-paulo-musikantiga-1969","status":"publish","type":"post","link":"https:\/\/www.toque-musicall.com\/?p=4032","title":{"rendered":"Conjunto Musikantiga De S\u00e3o Paulo &#8211; Musikantiga (1969)"},"content":{"rendered":"<p><img loading=\"lazy\" decoding=\"async\" class=\"aligncenter\" alt=\"\" src=\"http:\/\/4.bp.blogspot.com\/-L3cMw71-4f4\/UyLGBMQ6m-I\/AAAAAAAAIq4\/isF9kcvWZ4U\/s1600\/capap.JPG\" width=\"1000\" height=\"987\" \/><img loading=\"lazy\" decoding=\"async\" class=\"aligncenter\" alt=\"\" src=\"http:\/\/2.bp.blogspot.com\/-srLI43MFwtg\/UyLF7f3QxYI\/AAAAAAAAIqw\/FrNrSzTe0Cs\/s1600\/contracapap.JPG\" width=\"1000\" height=\"989\" \/><\/p>\n<p>Ol\u00e1 amigos cultos e ocultos! Para compensar a frustra\u00e7\u00e3o de links e postagens j\u00e1 vencidas, o rem\u00e9dio \u00e9 manter a programa\u00e7\u00e3o di\u00e1ria sempre ativa. Infelizmente, meu tempo vem ficando cada dia mais curto. Al\u00e9m do mais, com censura chegando de vez \u00e0 web, creio que em breve o Toque Musical vai ser obrigado a se recolher ainda mais. Como dizem, a cada hora piora&#8230;<br \/>\nEnquanto isso, vamos em frente. Mantendo as varia\u00e7\u00f5es musicais, eu trago hoje para voc\u00eas um pouco de m\u00fasica antiga. M\u00fasica da Renascen\u00e7a Inglesa, Franco-Flamenga, Idade M\u00e9dia e Renascen\u00e7a. Mas, afinal, o que est\u00e1 m\u00fasica tem a ver com o Brasil, ou com as postagens do Toque Musical? Ah! Tudo a ver&#8230; n\u00e3o apenas pelo fato de que o Toque Musical \u00e9 ecl\u00e9tico, mas tamb\u00e9m porque se trata de uma produ\u00e7\u00e3o brasileira. Um trabalho de pesquisa do consagrado Conjunto Musikantiga de S\u00e3o Paulo. Este grupo foi criado em 1966 pelo m\u00fasico Ricardo Kanji. O Conjunto Musikantiga gravou seu primeiro disco em 67, tendo tamb\u00e9m como membros fundadores Milton Kanji, Paulo Herculano e Dalton de Luca. Creio que o primeiro disco foi lan\u00e7ado por Marcus Pereira. Gravaram tamb\u00e9m outros discos pela Copacabana e este da RCA. O trabalho do conjunto foi muito bem recebido pelo p\u00fablico, principalmente no circuito universit\u00e1ri<a href=\"http:\/\/depositfiles.org\/files\/fsymoilqh\" target=\"_blank\">o<\/a>.<\/p>\n<div style=\"text-align: center;\">antony halborne &#8211; 4 dan\u00e7as<\/div>\n<div style=\"text-align: center;\">orlando gibbons &#8211; in nomine<\/div>\n<div style=\"text-align: center;\">thomas simpson &#8211; alman<\/div>\n<div style=\"text-align: center;\">michel east &#8211; and i as well thou<\/div>\n<div style=\"text-align: center;\">thomas simpson &#8211; ricecar-bonny sweet robin<\/div>\n<div style=\"text-align: center;\">josquin des pr\u00e9s &#8211; vive lo roy<\/div>\n<div style=\"text-align: center;\">pierre attaignant &#8211; 4 dan\u00e7as<\/div>\n<div style=\"text-align: center;\">wolfgang kuffer &#8211; 3 carmina<\/div>\n<div style=\"text-align: center;\">an\u00f4nimo sec. XIII<\/div>\n<div style=\"text-align: center;\">an\u00f4nimo sec. XV<\/div>\n<div style=\"text-align: center;\">an\u00f4nimo sec. XIV<\/div>\n<div style=\"text-align: center;\">ludwing senfl &#8211; carmen fortuna desperada<\/div>\n<div style=\"text-align: center;\">an\u00f4nimo sec. XIII<\/div>\n<div style=\"text-align: center;\"><\/div>\n<div style=\"text-align: center;\">.<\/div>\n","protected":false},"excerpt":{"rendered":"<p>Ol\u00e1 amigos cultos e ocultos! Para compensar a frustra\u00e7\u00e3o de links e postagens j\u00e1 vencidas, o rem\u00e9dio \u00e9 manter a programa\u00e7\u00e3o di\u00e1ria sempre ativa. Infelizmente, meu tempo vem ficando cada dia mais curto. Al\u00e9m do mais, com censura chegando de &hellip; <a href=\"https:\/\/www.toque-musicall.com\/?p=4032\">Continue lendo <span class=\"meta-nav\">&rarr;<\/span><\/a><\/p>\n","protected":false},"author":1,"featured_media":0,"comment_status":"open","ping_status":"closed","sticky":false,"template":"","format":"standard","meta":{"footnotes":""},"categories":[2345,18],"tags":[],"class_list":["post-4032","post","type-post","status-publish","format-standard","hentry","category-conjunto-musikantiga-de-sao-paulo","category-selo-rca"],"_links":{"self":[{"href":"https:\/\/www.toque-musicall.com\/index.php?rest_route=\/wp\/v2\/posts\/4032","targetHints":{"allow":["GET"]}}],"collection":[{"href":"https:\/\/www.toque-musicall.com\/index.php?rest_route=\/wp\/v2\/posts"}],"about":[{"href":"https:\/\/www.toque-musicall.com\/index.php?rest_route=\/wp\/v2\/types\/post"}],"author":[{"embeddable":true,"href":"https:\/\/www.toque-musicall.com\/index.php?rest_route=\/wp\/v2\/users\/1"}],"replies":[{"embeddable":true,"href":"https:\/\/www.toque-musicall.com\/index.php?rest_route=%2Fwp%2Fv2%2Fcomments&post=4032"}],"version-history":[{"count":1,"href":"https:\/\/www.toque-musicall.com\/index.php?rest_route=\/wp\/v2\/posts\/4032\/revisions"}],"predecessor-version":[{"id":4035,"href":"https:\/\/www.toque-musicall.com\/index.php?rest_route=\/wp\/v2\/posts\/4032\/revisions\/4035"}],"wp:attachment":[{"href":"https:\/\/www.toque-musicall.com\/index.php?rest_route=%2Fwp%2Fv2%2Fmedia&parent=4032"}],"wp:term":[{"taxonomy":"category","embeddable":true,"href":"https:\/\/www.toque-musicall.com\/index.php?rest_route=%2Fwp%2Fv2%2Fcategories&post=4032"},{"taxonomy":"post_tag","embeddable":true,"href":"https:\/\/www.toque-musicall.com\/index.php?rest_route=%2Fwp%2Fv2%2Ftags&post=4032"}],"curies":[{"name":"wp","href":"https:\/\/api.w.org\/{rel}","templated":true}]}}