{"id":4040,"date":"2014-03-16T21:26:35","date_gmt":"2014-03-17T00:26:35","guid":{"rendered":"http:\/\/www.toque-musicall.com\/?p=4040"},"modified":"2014-11-08T22:02:39","modified_gmt":"2014-11-09T00:02:39","slug":"junior-mendes-copacabana-sadia-1982","status":"publish","type":"post","link":"https:\/\/www.toque-musicall.com\/?p=4040","title":{"rendered":"Junior Mendes &#8211; Copacabana Sadia (1982)"},"content":{"rendered":"<p><img loading=\"lazy\" decoding=\"async\" class=\"aligncenter\" alt=\"\" src=\"http:\/\/3.bp.blogspot.com\/-8CIQ_9Y42MI\/UyY4h_VxVJI\/AAAAAAAAIr8\/zzdXlOA5YPc\/s1600\/capa.JPG\" width=\"1000\" height=\"987\" \/><img loading=\"lazy\" decoding=\"async\" class=\"aligncenter\" alt=\"\" src=\"http:\/\/1.bp.blogspot.com\/-tUUYEgzffdg\/UyY4aZYlGsI\/AAAAAAAAIr0\/LOZYl5CLJus\/s1600\/contrap.JPG\" width=\"1000\" height=\"1012\" \/><\/p>\n<p>Ol\u00e1 amigos cultos e ocultos! Estava eu navegando pela rede quando em um site me deparei com a capa deste disco, que por acaso eu tenho. Era na verdade uma not\u00edcia sobre este artista, o carioca Luiz Mendes Jr., ou mais conhecido como Junior Mendes. Para a minha triste surpresa, fiquei sabendo que ele faleceu no m\u00eas passado, v\u00edtima de um derrame cerebral, aos 63 anos. Junior Mendes era filho da atriz Daisy L\u00facidi. Era produtor e publicit\u00e1rio. Como m\u00fasico, tocou com v\u00e1rios artistas da cena black carioca, fez parte da banda do Tim Maia e teve como parceiro\u00a0\u00a0Hyldon\u00a0e\u00a0Gast\u00e3o Lamounier. Gast\u00e3o, inclusive \u00e9 o parceiro em quase todas as m\u00fasicas deste que foi o \u00fanico disco gravado por Junior Mendes. Em sua homenagem, aqui vai o disco para voc\u00eas conhecerem. Os arranjos e reg\u00eancias s\u00e3o de Lincoln Olivetti. Confira<a href=\"http:\/\/depositfiles.org\/files\/c6fmn0nc8\" target=\"_blank\">m<\/a>&#8230;<\/p>\n<div style=\"text-align: center;\">copacabana sadia<\/div>\n<div style=\"text-align: center;\">\u00f3bvio<\/div>\n<div style=\"text-align: center;\">que signo voc\u00ea \u00e9?<\/div>\n<div style=\"text-align: center;\">agre doce<\/div>\n<div style=\"text-align: center;\">rio sinal verde<\/div>\n<div style=\"text-align: center;\">super sens\u00edvel<\/div>\n<div style=\"text-align: center;\">hora h<\/div>\n<div style=\"text-align: center;\">pedras de cristal<\/div>\n<div style=\"text-align: center;\">via a\u00e9rea<\/div>\n<div style=\"text-align: center;\">entrego a deus<\/div>\n<div style=\"text-align: center;\"><\/div>\n<div style=\"text-align: center;\">.<\/div>\n","protected":false},"excerpt":{"rendered":"<p>Ol\u00e1 amigos cultos e ocultos! Estava eu navegando pela rede quando em um site me deparei com a capa deste disco, que por acaso eu tenho. Era na verdade uma not\u00edcia sobre este artista, o carioca Luiz Mendes Jr., ou &hellip; <a href=\"https:\/\/www.toque-musicall.com\/?p=4040\">Continue lendo <span class=\"meta-nav\">&rarr;<\/span><\/a><\/p>\n","protected":false},"author":1,"featured_media":0,"comment_status":"open","ping_status":"closed","sticky":false,"template":"","format":"standard","meta":{"footnotes":""},"categories":[2348],"tags":[],"class_list":["post-4040","post","type-post","status-publish","format-standard","hentry","category-junior-mendes"],"_links":{"self":[{"href":"https:\/\/www.toque-musicall.com\/index.php?rest_route=\/wp\/v2\/posts\/4040","targetHints":{"allow":["GET"]}}],"collection":[{"href":"https:\/\/www.toque-musicall.com\/index.php?rest_route=\/wp\/v2\/posts"}],"about":[{"href":"https:\/\/www.toque-musicall.com\/index.php?rest_route=\/wp\/v2\/types\/post"}],"author":[{"embeddable":true,"href":"https:\/\/www.toque-musicall.com\/index.php?rest_route=\/wp\/v2\/users\/1"}],"replies":[{"embeddable":true,"href":"https:\/\/www.toque-musicall.com\/index.php?rest_route=%2Fwp%2Fv2%2Fcomments&post=4040"}],"version-history":[{"count":2,"href":"https:\/\/www.toque-musicall.com\/index.php?rest_route=\/wp\/v2\/posts\/4040\/revisions"}],"predecessor-version":[{"id":4587,"href":"https:\/\/www.toque-musicall.com\/index.php?rest_route=\/wp\/v2\/posts\/4040\/revisions\/4587"}],"wp:attachment":[{"href":"https:\/\/www.toque-musicall.com\/index.php?rest_route=%2Fwp%2Fv2%2Fmedia&parent=4040"}],"wp:term":[{"taxonomy":"category","embeddable":true,"href":"https:\/\/www.toque-musicall.com\/index.php?rest_route=%2Fwp%2Fv2%2Fcategories&post=4040"},{"taxonomy":"post_tag","embeddable":true,"href":"https:\/\/www.toque-musicall.com\/index.php?rest_route=%2Fwp%2Fv2%2Ftags&post=4040"}],"curies":[{"name":"wp","href":"https:\/\/api.w.org\/{rel}","templated":true}]}}