{"id":4044,"date":"2014-03-17T21:58:52","date_gmt":"2014-03-18T00:58:52","guid":{"rendered":"http:\/\/www.toque-musicall.com\/?p=4044"},"modified":"2014-03-17T21:58:52","modified_gmt":"2014-03-18T00:58:52","slug":"a-musica-de-principe-pretinho-selecao-78-rpm-do-toque-musical-vol-94-2014","status":"publish","type":"post","link":"https:\/\/www.toque-musicall.com\/?p=4044","title":{"rendered":"A M\u00fasica De Pr\u00edncipe Pretinho &#8211; Sele\u00e7\u00e3o 78 RPM Do Toque Musical Vol. 94 (2014)"},"content":{"rendered":"<p><img loading=\"lazy\" decoding=\"async\" class=\"aligncenter\" alt=\"\" src=\"http:\/\/2.bp.blogspot.com\/-Jsi5zXle8CY\/UyeKC7hEmpI\/AAAAAAAAIss\/hmE53b5WhP4\/s1600\/CAPAp.JPG\" width=\"1000\" height=\"1000\" \/><img loading=\"lazy\" decoding=\"async\" class=\"aligncenter\" alt=\"\" src=\"http:\/\/1.bp.blogspot.com\/-TzpKuPnEE9M\/UyeJ9cRvlHI\/AAAAAAAAIsk\/duOiZ1NFfck\/s1600\/CONTRACAPAp.JPG\" width=\"1000\" height=\"1000\" \/><\/p>\n<div itemprop=\"articleBody\">\n<div>Esta semana, o Grand Record Brazil apresenta a segunda parte da retrospectiva dedicada \u00e0 obra musical do compositor Pr\u00edncipe Pretinho (Jos\u00e9 Luiz da Costa),\u00a0\u00a0uma personalidade t\u00e3o misteriosa quanto fascinante em nossa m\u00fasica popular. Pr\u00edncipe Pretinho, como j\u00e1 vimos anteriormente, muito incentivou\u00a0\u00a0o compositor Herivelto Martins no in\u00edcio de sua carreira. Certamente por isso \u00e9 que o Trio de Ouro, formado por ele, Dalva de Oliveira e Nilo Chagas, interpreta a maior parte das vinte faixas aqui inclu\u00eddas, ou seja, nove.\u00a0\u00a0A come\u00e7ar pela primeira, o samba \u201cTodos t\u00eam o direito\u201d, parceria de Pr\u00edncipe Pretinho com J. J. de Oliveira, curiosamente uma das derradeiras grava\u00e7\u00f5es da primeira fase do trio, que logo se desfez com a separa\u00e7\u00e3o ruidosa de Herivelto Martins e Dalva de Oliveira (e tamb\u00e9m a \u00faltima composi\u00e7\u00e3o gravada de Pretinho). Destinado ao carnaval de 1949, foi gravado na Odeon em 2 de dezembro de 48, e lan\u00e7ado um m\u00eas antes do tr\u00edduo momesco, em janeiro, sob n.o 12910-B, matriz 8463. Na faixa 4, o trio apresenta a marchinha junina \u201cToma cuidado\u201d, apenas e t\u00e3o-somente de Pr\u00edncipe Pretinho, lan\u00e7ada pela Columbia em junho de 1941 sob n.o 55278-A, matriz 401. No mon\u00f3logo inicial, Dalva de Oliveira, com singela voz de menina, faz, e muito bem, a personagem\u00a0\u00a0Zefinha, ent\u00e3o sucesso no programa de r\u00e1dio \u201cPiadas do Manduca\u201d.\u00a0\u00a0Na faixa 6, o trio vem com um samba em que Pretinho tem o pr\u00f3prio l\u00edder e fundador, Herivelto Martins, como parceiro: \u201c\u00c9 triste a gente querer\u201d,\u00a0do carnaval de 1947, grava\u00e7\u00e3o Odeon de 6 de dezembro de 46, lan\u00e7ada bem em cima da folia, em fevereiro, sob n.o 12758-A, matriz 8144. Em seguida, na s\u00e9tima faixa, vem o batuque \u201c\u00c9 a lua\u201d, s\u00f3 de Pretinho, grava\u00e7\u00e3o tamb\u00e9m da Odeon, em 4 de junho de 1946, lan\u00e7ada em agosto do mesmo ano, disco 12715-A, matriz 8055. A faixa 9 \u00e9 uma parceria de Pretinho com Jos\u00e9 de S\u00e1 Roris, a marchinha \u201cDan\u00e7a la conga\u201d, do carnaval de 1942, gravada em pleno dia de Natal de 41 (25 de dezembro) e lan\u00e7ada \u00e0s v\u00e9speras dos festejos de Momo, em janeiro, sob n.o 55319-B, matriz 490. Em seguida, o trio nos oferece o samba \u201cMaria Cheirosa\u201d, s\u00f3 de Pretinho, grava\u00e7\u00e3o Columbia de 12 de maio de 1942, lan\u00e7ada logo em seguida\u00a0\u00a0sob n.o 55338-B, matriz 512. Vem logo depois uma regrava\u00e7\u00e3o do ponto de macumba \u201cQuem t\u00e1 de ronda\u201d, s\u00f3 de Pretinho, originalmente lan\u00e7ado em 1935 na voz de Francisco Sena, registro esse que apresentamos em nosso volume anterior. Aqui, veio como batuque no selo, e o Trio de Ouro o regravou na Columbia no lado A de \u201cMaria Cheirosa\u201d, matriz 513. Na faixa 16, temos \u201cPorta afora\u201d, outra parceria de Pretinho com Herivelto Martins, samba do carnaval de 1945. Foi gravado pelo trio na Odeon em\u00a0\u00a029 de novembro de 44, com lan\u00e7amento um m\u00eas antes da folia, em janeiro, disco 12542-B, matriz 7718. Por fim, na faixa 17, o Trio de Ouro encerra sua participa\u00e7\u00e3o neste volume com \u201cQuem vem descendo\u201d, outro samba da parceria Pr\u00edncipe Pretinho-Herivelto Martins, do carnaval de 1944. Grava\u00e7\u00e3o Odeon de 23 de novembro de 43, lan\u00e7ada em janeiro seguinte sob n.o 12404-B, matriz 7424. No restante do programa, temos outros grandes int\u00e9rpretes. Castro Barbosa, que tamb\u00e9m marcou \u00e9poca no r\u00e1dio brasileiro com o humor\u00edstico \u201cPRK-30\u201d, interpreta, em nossa segunda faixa, o samba \u201cEu queria um adeus\u201d, da parceria Pr\u00edncipe Pretinho-Herivelto Martins, destinado ao carnaval de 1941. Foi gravado na Columbia em 11 de novembro de 40, com lan\u00e7amento um m\u00eas antes da folia, em janeiro, sob n.o 55264-B, matriz 346. Ao lado de suas Pastoras, Ataulfo Alves, o sempre lembrado poeta de Mira\u00ed, apresenta em nossa terceira faixa o batuque \u201cAlod\u00ea\u201d, s\u00f3 de Pr\u00edncipe Pretinho.\u00a0\u00a0Foi gravado na Victor em 16 de maio de 1946, e lan\u00e7ado em setembro do mesmo ano, disco 80-0433-B, matriz S-078518. Na faixa 5, um cl\u00e1ssico interpretado por Z\u00e9 e Zilda, \u201ca dupla da harmonia\u201d:\u00a0\u00a0o samba \u201cS\u00f3 pra chatear\u201d, um dos campe\u00f5es do carnaval de 1948. Grava\u00e7\u00e3o Continental de 30 de outubro de 47, lan\u00e7ada ainda em dezembro com o n\u00famero 15856-A, matriz 1772. Outro inesquec\u00edvel int\u00e9rprete de nossa m\u00fasica popular, Francisco Alves, o eterno Rei da Voz, aqui comparece com dois sambas de carnaval da parceria Pr\u00edncipe Pretinho-Herivelto Martins, gravados na Odeon.\u00a0\u00a0Na faixa 8, \u201cEla\u201d, da folia de 1943, e tamb\u00e9m interpretado por Chico no filme \u2018Samba em Berlim\u201d, da Cin\u00e9dia. Grava\u00e7\u00e3o de 3 de novembro de 1942, lan\u00e7ada ainda em dezembro com o n\u00famero 12236-B, matriz 7127. E, na faixa 15, \u201cSe a vida n\u00e3o melhorar\u201d, do carnaval de 1945, registrado em 26 de dezembro de 44 e lan\u00e7ado bem em cima da folia pela \u201cmarca do templo\u201d, em fevereiro, sob n.o 12555-B, matriz 7741. Isaura Garcia, a sempre \u201cpersonal\u00edssima\u201d, apresenta, na faixa 12, outro samba da parceria de Pretinho com Herivelto Martins, \u201cConsci\u00eancia\u201d, grava\u00e7\u00e3o Columbia de 27 de abril de 1942, lan\u00e7ada em maio seguinte com o n\u00famero 55345-A, matriz 522. N\u00e9lson Gon\u00e7alves, o eterno \u201cmetralha do gog\u00f3 de ouro\u201d vem com outro samba da prof\u00edcua parceria Pr\u00edncipe Pretinho-Herivelto Martins, \u201cN\u00e3o fiquei louco\u201d (faixa 13), do carnaval de 1945, grava\u00e7\u00e3o Victor de 26 de outubro de 44 , lan\u00e7ada um m\u00eas antes dos festejos momescos, em janeiro, disco 80-0244-A, matriz S-078075. O \u201cFormig\u00e3o\u201d, Cyro Monteiro, aqui comparece, na faixa 14, com o samba \u201cVoltei mas era tarde\u201d, em que Pr\u00edncipe Pretinho tem a parceria de Geraldo Pereira. Grava\u00e7\u00e3o Victor de 13 de setembro de 1944, lan\u00e7ada em novembro seguinte com o n\u00famero 80-0228-B, matriz S-078053. Na faixa 18, C\u00e1rmen Costa interpreta \u201cCaramba\u201d, parceria de Pretinho com Henric\u00e3o, samba destinado ao carnaval de 1943. Outra grava\u00e7\u00e3o Victor, esta de 19 de novembro de 42, lan\u00e7ada um m\u00eas antes da folia, em janeiro, sob n.o 80-0045-A, matriz S-052660. Em seguida, a marchinha \u201cA violeta\u201d, em que Pretinho tem Marino Pinto como parceiro. Destinada ao carnaval de 1943, foi lan\u00e7ada pela Columbia em janeiro desse ano na voz de D\u00e9o (\u201co ditador de sucessos\u201d), sob n.o 55398-B, matriz 589. Para encerrar, o GRB resgata Alfredo Simoney, cantor sobre o qual n\u00e3o existe biografia dispon\u00edvel no momento, mas que deixou uma discografia at\u00e9 razo\u00e1vel, compreendendo, em 78 rpm, 15 discos com 28 m\u00fasicas, em in\u00fameros selos, al\u00e9m de uma participa\u00e7\u00e3o no LP \u201cBoate \u00e0 beira-mar\u2019 (Copacabana, 1959), do acordeonista Paschoal Melillo, interpretando \u201cSaudade de Itarar\u00e9\u201d. Aqui, o lado A do \u00fanico disco de Simoney na Columbia, n.o 55350, lan\u00e7ado em junho de 1942, apresentando o samba \u201cMarambaia\u201d, de Pr\u00edncipe Pretinho\u00a0\u00a0sem parceria, matriz 532. Enfim, um encerramento com chave de ouro para a segunda e \u00faltima parte da retrospectiva dedicada pelo GRB a Pr\u00edncipe Pretinho, que por certo ir\u00e1 enriquecer os acervos de tantos quantos apreciem o que a MPB deixou de melhor e mais expressivo. At\u00e9 a pr\u00f3xima, pessoa<a href=\"http:\/\/depositfiles.org\/files\/ozukrnx7q\" target=\"_blank\">l<\/a>!<\/div>\n<div><\/div>\n<div>* Texto de Samuel Machado Filho<\/div>\n<div><\/div>\n<\/div>\n<div><\/div>\n","protected":false},"excerpt":{"rendered":"<p>Esta semana, o Grand Record Brazil apresenta a segunda parte da retrospectiva dedicada \u00e0 obra musical do compositor Pr\u00edncipe Pretinho (Jos\u00e9 Luiz da Costa),\u00a0\u00a0uma personalidade t\u00e3o misteriosa quanto fascinante em nossa m\u00fasica popular. Pr\u00edncipe Pretinho, como j\u00e1 vimos anteriormente, muito &hellip; <a href=\"https:\/\/www.toque-musicall.com\/?p=4044\">Continue lendo <span class=\"meta-nav\">&rarr;<\/span><\/a><\/p>\n","protected":false},"author":1,"featured_media":0,"comment_status":"open","ping_status":"closed","sticky":false,"template":"","format":"standard","meta":{"footnotes":""},"categories":[11,2339,13,210],"tags":[],"class_list":["post-4044","post","type-post","status-publish","format-standard","hentry","category-exclusivos-do-toque-musical","category-principe-pretinho","category-selo-grand-record-brazil","category-trio-de-ouro"],"_links":{"self":[{"href":"https:\/\/www.toque-musicall.com\/index.php?rest_route=\/wp\/v2\/posts\/4044","targetHints":{"allow":["GET"]}}],"collection":[{"href":"https:\/\/www.toque-musicall.com\/index.php?rest_route=\/wp\/v2\/posts"}],"about":[{"href":"https:\/\/www.toque-musicall.com\/index.php?rest_route=\/wp\/v2\/types\/post"}],"author":[{"embeddable":true,"href":"https:\/\/www.toque-musicall.com\/index.php?rest_route=\/wp\/v2\/users\/1"}],"replies":[{"embeddable":true,"href":"https:\/\/www.toque-musicall.com\/index.php?rest_route=%2Fwp%2Fv2%2Fcomments&post=4044"}],"version-history":[{"count":1,"href":"https:\/\/www.toque-musicall.com\/index.php?rest_route=\/wp\/v2\/posts\/4044\/revisions"}],"predecessor-version":[{"id":4047,"href":"https:\/\/www.toque-musicall.com\/index.php?rest_route=\/wp\/v2\/posts\/4044\/revisions\/4047"}],"wp:attachment":[{"href":"https:\/\/www.toque-musicall.com\/index.php?rest_route=%2Fwp%2Fv2%2Fmedia&parent=4044"}],"wp:term":[{"taxonomy":"category","embeddable":true,"href":"https:\/\/www.toque-musicall.com\/index.php?rest_route=%2Fwp%2Fv2%2Fcategories&post=4044"},{"taxonomy":"post_tag","embeddable":true,"href":"https:\/\/www.toque-musicall.com\/index.php?rest_route=%2Fwp%2Fv2%2Ftags&post=4044"}],"curies":[{"name":"wp","href":"https:\/\/api.w.org\/{rel}","templated":true}]}}