{"id":405,"date":"2011-07-01T17:13:00","date_gmt":"2011-07-01T17:13:00","guid":{"rendered":"http:\/\/www.toque-musicall.com\/?p=405"},"modified":"2011-07-01T17:13:00","modified_gmt":"2011-07-01T17:13:00","slug":"cesar-de-paula-sambeat-2007","status":"publish","type":"post","link":"https:\/\/www.toque-musicall.com\/?p=405","title":{"rendered":"Cesar De Paula &#8211; Sambeat (2007)"},"content":{"rendered":"<div style=\"clear: both; text-align: center;\"><a href=\"http:\/\/4.bp.blogspot.com\/-5GlokXY3coI\/Tg2oGRQEU2I\/AAAAAAAAILU\/rXnb8lplg6U\/s1600\/cesar+de+paula+P.JPG\" style=\"margin-left: 1em; margin-right: 1em;\"><img decoding=\"async\" border=\"0\" height=\"383px\" src=\"http:\/\/4.bp.blogspot.com\/-5GlokXY3coI\/Tg2oGRQEU2I\/AAAAAAAAILU\/rXnb8lplg6U\/s400\/cesar+de+paula+P.JPG\" width=\"400px\" \/><\/a><\/div>\n<p>Bom dia a todos! Estamos come\u00e7ando aqui o nosso \u00a05\u00ba ano de toques musicais e outros \u00e1udios mais&#8230; \u00c9 bom a gente as vezes lembrar isso, &#8216;esses \u00e1udios a mais&#8217;, porque embora o blog se chame Toque Musical, foi concebido na ideia de trazer tamb\u00e9m, al\u00e9m da m\u00fasica, outros \u00e1udios interessante, curiosos, raros e at\u00e9 mesmo inusitados. Aqui h\u00e1 espa\u00e7o para a m\u00fasica, poesia, novelas, audiobooks e tudo mais que podemos ouvir com outros olhos. As vezes a gente acaba ficando preso a um determinado assunto e quando v\u00ea j\u00e1 se &#8216;caracterizou&#8217;. Toque Musical, aqui, \u00e9 uma express\u00e3o mais ampla&#8230;<br \/>Esta introdu\u00e7\u00e3o n\u00e3o tem nada a ver com a postagem que agora segue. Mas como estamos partindo para um novo ano, quero deixar isso bem claro. Bem porque, em breve,\u00a0penso tamb\u00e9m em\u00a0postar outros discos e grava\u00e7\u00f5es que n\u00e3o s\u00e3o necessariamente de m\u00fasica.<br \/>Hoje \u00e9 sexta feira, dia do artista\/disco independente. Excepcionalmente, para come\u00e7ar, farei duas postagens. Na primeira, vamos com &#8220;<a href=\"http:\/\/www.myspace.com\/cesardepaulaoficial\">Cesar de Paula &#038; Projeto S.A.mbalance<\/a>&#8220;, que acabou de chegar na madrugada. O artista nos enviou esse trabalho, chamado &#8220;Sambeat&#8221;, para a nossa aprecia\u00e7\u00e3o. Como a maioria de voc\u00eas, eu tamb\u00e9m estou conhecendo agora. Do pouco que eu ouvi, achei legal. M\u00fasica, como ele mesmo chama, &#8220;extempor\u00e2nea brasileira&#8221;, do balan\u00e7o samba-jazz, bossa nova, pop, soul, maracat\u00fa&#8230; \u00e0 modernidade eletr\u00f4nica.\u00a0Trata-se, no entanto, de um EP produzido em 2007. Agora, neste ano, ele est\u00e1 lan\u00e7ando um DVD, onde constam algumas das m\u00fasicas deste CD. Quem \u00e9 de Bras\u00edlia deve, talvez, conhecer melhor o seu trabalho. Ele\u00a0vem de l\u00e1&#8230; Vamos conferir?<\/p>\n<div style=\"text-align: center;\">\u00f4 minha nega<\/div>\n<div style=\"text-align: center;\">malandragem brasileira<\/div>\n<div style=\"text-align: center;\">sambeat<\/div>\n<div style=\"text-align: center;\">boca da mata<\/div>\n<div style=\"text-align: center;\">afrobrasileiro<\/div>\n<div style=\"text-align: center;\">a lua e o sol<\/div>\n<div style=\"text-align: center;\">fus\u00e3o nordestina<\/div>\n<div style=\"text-align: center;\">filosofia<\/div>\n<div style=\"text-align: center;\">berimbau de crioula (vinheta)<\/div>\n<div style=\"text-align: center;\">carnaval<\/div>\n<div style=\"text-align: center;\">falta d&#8217;\u00e1gua<\/div>\n<div style=\"text-align: center;\">a morena chegou pra abalar<\/div>\n<div style=\"text-align: center;\">sambeleza<\/div>\n<div style=\"text-align: center;\"><\/div>\n","protected":false},"excerpt":{"rendered":"<p>Bom dia a todos! Estamos come\u00e7ando aqui o nosso \u00a05\u00ba ano de toques musicais e outros \u00e1udios mais&#8230; \u00c9 bom a gente as vezes lembrar isso, &#8216;esses \u00e1udios a mais&#8217;, porque embora o blog se chame Toque Musical, foi concebido &hellip; <a href=\"https:\/\/www.toque-musicall.com\/?p=405\">Continue lendo <span class=\"meta-nav\">&rarr;<\/span><\/a><\/p>\n","protected":false},"author":1,"featured_media":0,"comment_status":"open","ping_status":"closed","sticky":false,"template":"","format":"standard","meta":{"footnotes":""},"categories":[649,25],"tags":[],"class_list":["post-405","post","type-post","status-publish","format-standard","hentry","category-cesar-de-paula","category-selo-independente"],"_links":{"self":[{"href":"https:\/\/www.toque-musicall.com\/index.php?rest_route=\/wp\/v2\/posts\/405","targetHints":{"allow":["GET"]}}],"collection":[{"href":"https:\/\/www.toque-musicall.com\/index.php?rest_route=\/wp\/v2\/posts"}],"about":[{"href":"https:\/\/www.toque-musicall.com\/index.php?rest_route=\/wp\/v2\/types\/post"}],"author":[{"embeddable":true,"href":"https:\/\/www.toque-musicall.com\/index.php?rest_route=\/wp\/v2\/users\/1"}],"replies":[{"embeddable":true,"href":"https:\/\/www.toque-musicall.com\/index.php?rest_route=%2Fwp%2Fv2%2Fcomments&post=405"}],"version-history":[{"count":0,"href":"https:\/\/www.toque-musicall.com\/index.php?rest_route=\/wp\/v2\/posts\/405\/revisions"}],"wp:attachment":[{"href":"https:\/\/www.toque-musicall.com\/index.php?rest_route=%2Fwp%2Fv2%2Fmedia&parent=405"}],"wp:term":[{"taxonomy":"category","embeddable":true,"href":"https:\/\/www.toque-musicall.com\/index.php?rest_route=%2Fwp%2Fv2%2Fcategories&post=405"},{"taxonomy":"post_tag","embeddable":true,"href":"https:\/\/www.toque-musicall.com\/index.php?rest_route=%2Fwp%2Fv2%2Ftags&post=405"}],"curies":[{"name":"wp","href":"https:\/\/api.w.org\/{rel}","templated":true}]}}