{"id":4053,"date":"2014-03-20T19:40:42","date_gmt":"2014-03-20T22:40:42","guid":{"rendered":"http:\/\/www.toque-musicall.com\/?p=4053"},"modified":"2014-03-20T19:40:42","modified_gmt":"2014-03-20T22:40:42","slug":"o-fabuloso-fittipaldi-trilha-sonora-original-1973","status":"publish","type":"post","link":"https:\/\/www.toque-musicall.com\/?p=4053","title":{"rendered":"O Fabuloso Fittipaldi &#8211; Trilha Sonora Original (1973)"},"content":{"rendered":"<p><img loading=\"lazy\" decoding=\"async\" class=\"aligncenter\" alt=\"\" src=\"http:\/\/3.bp.blogspot.com\/-2nb1Bu9rM5Y\/Uytk7QmpyQI\/AAAAAAAAItg\/bvMQnZWbs8U\/s1600\/CAPAp.JPG\" width=\"1000\" height=\"996\" \/><img loading=\"lazy\" decoding=\"async\" class=\"aligncenter\" alt=\"\" src=\"http:\/\/1.bp.blogspot.com\/-r5RkZa8DsfE\/Uytk2U_u_jI\/AAAAAAAAItY\/d0jGd9SnEqw\/s1600\/CONTRAp.JPG\" width=\"1000\" height=\"994\" \/><\/p>\n<p>Boa noite, amigos cultos e ocultos! Hoje eu estou trazendo aqui um dos muitos discos que recebi como doa\u00e7\u00e3o. Ali\u00e1s, que bela doa\u00e7\u00e3o! Ao contr\u00e1rio do comum, adquiri uma sele\u00e7\u00e3o de discos rar\u00edssimos, principalmente de jazz e trilhas sonoras. Ainda estou em fase de cataloga\u00e7\u00e3o, separando o que fica e o que vai&#8230; Naturalmente, h\u00e1 muita coisa aqui para ser apresentada a voc\u00eas. Basta ficarem ligados, pois o tempo para download \u00e9 curto e n\u00e3o tem reposi\u00e7\u00e3o.<br \/>\nEntre as novidades recebidas, apresento a voc\u00eas uma trilha sonora muito legal\u00a0 Inclusive, trata-se de um \u00e1lbum rar\u00edssimo que muito colecionador gostaria de por a m\u00e3o (t\u00e1 na m\u00e3o&#8230;). &#8220;O Fabuloso Fittipaldi&#8221; foi um filme tipo document\u00e1rio feito pelo cineasta Roberto Farias sobre um dos maiores pilotos da Formula 1, o (sem d\u00favida) fabuloso Emerson Fittipaldi. Quando o filme foi lan\u00e7ado, Emerson era o grande campe\u00e3o, \u00eddolo de uma gera\u00e7\u00e3o e orgulho dos brasileiros. Para dar o ritmo necess\u00e1rio ao filme Roberto Farias contou com a criatividade dos irm\u00e3os Marcos e Paulo S\u00e9rgio Valle, que compuseram as m\u00fasicas e tiveram no super grupo Azimuth a interpreta\u00e7\u00e3o mais que impec\u00e1vel. Uma bel\u00edssima trilha, mas que merecia mais aten\u00e7\u00e3o enquanto m\u00fasica e nos cortes. A rela\u00e7\u00e3o das faixas, por alguma raz\u00e3o n\u00e3o condiz exatamente com o que \u00e9 apresentado no disco. Assim, minha edi\u00e7\u00e3o ficou deste jeit<a href=\"http:\/\/depositfiles.org\/files\/wdix1zmwi\" target=\"_blank\">o<\/a>:<\/p>\n<div style=\"text-align: center;\">fittipaldi show<\/div>\n<div style=\"text-align: center;\">tema de maria helena<\/div>\n<div style=\"text-align: center;\">vit\u00f3ria<\/div>\n<div style=\"text-align: center;\">ridt<\/div>\n<div style=\"text-align: center;\">acidente<\/div>\n<div style=\"text-align: center;\">azimuth (mil milhas)<\/div>\n<div style=\"text-align: center;\">tema de maria helena<\/div>\n<div style=\"text-align: center;\">virabrequim<\/div>\n<div style=\"text-align: center;\"><\/div>\n<div style=\"text-align: center;\">.<\/div>\n","protected":false},"excerpt":{"rendered":"<p>Boa noite, amigos cultos e ocultos! Hoje eu estou trazendo aqui um dos muitos discos que recebi como doa\u00e7\u00e3o. Ali\u00e1s, que bela doa\u00e7\u00e3o! Ao contr\u00e1rio do comum, adquiri uma sele\u00e7\u00e3o de discos rar\u00edssimos, principalmente de jazz e trilhas sonoras. Ainda &hellip; <a href=\"https:\/\/www.toque-musicall.com\/?p=4053\">Continue lendo <span class=\"meta-nav\">&rarr;<\/span><\/a><\/p>\n","protected":false},"author":1,"featured_media":0,"comment_status":"open","ping_status":"closed","sticky":false,"template":"","format":"standard","meta":{"footnotes":""},"categories":[1711,48,346],"tags":[],"class_list":["post-4053","post","type-post","status-publish","format-standard","hentry","category-azymuth","category-selo-philips","category-trilhas"],"_links":{"self":[{"href":"https:\/\/www.toque-musicall.com\/index.php?rest_route=\/wp\/v2\/posts\/4053","targetHints":{"allow":["GET"]}}],"collection":[{"href":"https:\/\/www.toque-musicall.com\/index.php?rest_route=\/wp\/v2\/posts"}],"about":[{"href":"https:\/\/www.toque-musicall.com\/index.php?rest_route=\/wp\/v2\/types\/post"}],"author":[{"embeddable":true,"href":"https:\/\/www.toque-musicall.com\/index.php?rest_route=\/wp\/v2\/users\/1"}],"replies":[{"embeddable":true,"href":"https:\/\/www.toque-musicall.com\/index.php?rest_route=%2Fwp%2Fv2%2Fcomments&post=4053"}],"version-history":[{"count":1,"href":"https:\/\/www.toque-musicall.com\/index.php?rest_route=\/wp\/v2\/posts\/4053\/revisions"}],"predecessor-version":[{"id":4054,"href":"https:\/\/www.toque-musicall.com\/index.php?rest_route=\/wp\/v2\/posts\/4053\/revisions\/4054"}],"wp:attachment":[{"href":"https:\/\/www.toque-musicall.com\/index.php?rest_route=%2Fwp%2Fv2%2Fmedia&parent=4053"}],"wp:term":[{"taxonomy":"category","embeddable":true,"href":"https:\/\/www.toque-musicall.com\/index.php?rest_route=%2Fwp%2Fv2%2Fcategories&post=4053"},{"taxonomy":"post_tag","embeddable":true,"href":"https:\/\/www.toque-musicall.com\/index.php?rest_route=%2Fwp%2Fv2%2Ftags&post=4053"}],"curies":[{"name":"wp","href":"https:\/\/api.w.org\/{rel}","templated":true}]}}