{"id":406,"date":"2011-06-30T12:23:00","date_gmt":"2011-06-30T12:23:00","guid":{"rendered":"http:\/\/www.toque-musicall.com\/?p=406"},"modified":"2011-06-30T12:23:00","modified_gmt":"2011-06-30T12:23:00","slug":"feliz-aniversario-1961","status":"publish","type":"post","link":"https:\/\/www.toque-musicall.com\/?p=406","title":{"rendered":"Feliz Anivers\u00e1rio (1961)"},"content":{"rendered":"<div style=\"clear: both; text-align: center;\"><a href=\"http:\/\/3.bp.blogspot.com\/-6zECH6BLvdM\/TgxjlhS3_mI\/AAAAAAAAILM\/o_v0I2hvb2w\/s1600\/feliz+TMp.JPG\" style=\"margin-left: 1em; margin-right: 1em;\"><img loading=\"lazy\" decoding=\"async\" border=\"0\" height=\"400\" src=\"http:\/\/3.bp.blogspot.com\/-6zECH6BLvdM\/TgxjlhS3_mI\/AAAAAAAAILM\/o_v0I2hvb2w\/s400\/feliz+TMp.JPG\" width=\"400\" \/><\/a><\/div>\n<p>Bom dia a todos os amigos cultos e ocultos! Hoje, dia 30 de junho estamos completando 4 anos de atividades. Como disse, n\u00e3o esperava chegar at\u00e9 aqui. Mas quando se conquista milh\u00f5es de amigos, sejam eles cultos ou ocultos, n\u00e3o h\u00e1 como voltar atr\u00e1s. Nos tornamos cativos, n\u00e3o s\u00f3 da &#8216;cacha\u00e7a&#8217;, mas principalmente das pessoas a quem conquistamos. Como diz o Roberto Carlos, &#8220;s\u00e3o tantas as emo\u00e7\u00f5es&#8221;, hehehe&#8230; Felizmente estamos aqui e se o Toque Musical ainda existe \u00e9 gra\u00e7as ao p\u00fablico que tem. Agrade\u00e7o imensamente a todos e em especial \u00e0queles que muito colaboraram para manter nosso estoque musical sempre em dia. Muito obrigado pela paci\u00eancia, pela for\u00e7a e tamb\u00e9m os coment\u00e1rios. Esses, nunca devem faltar, pois \u00e9 a melhor maneira de eu saber se n\u00e3o estou ou n\u00e3o no caminho certo.<br \/>De ontem para hoje eu acabei fazendo uma grande confus\u00e3o com as postagens, da\u00ed, o dia de ontem ficou como se n\u00e3o tivesse tido postagem. Foi mais um vacil\u00e3o meu. Cheguei tarde e cansado. Mas vamos colocando a casa em ordem. Os visitantes, convidados ou n\u00e3o, s\u00e3o sempre bem vindos. Vamos juntos soprar as quatro velinhas \ud83d\ude09<br \/>Para comemorar eu estou trazendo este disco, lan\u00e7ado pela Philips em 1961 (por coincid\u00eancia, o ano em que eu nasci). Este \u00e1lbum, por sinal, muito interessante, \u00e9 um daqueles discos que antigamente se fazia espec\u00edficamente para ser um presente de anivers\u00e1rio. Uma boa colet\u00e2nea, com m\u00fasicas tem\u00e1ticas, feito mesmo para marcar um momento. Temos nesta sele\u00e7\u00e3o musical apresentada por Aloysio de Oliveira, artistas (obviamente) do &#8216;cast&#8217; da gravadora, figuras ilustres que todos n\u00f3s, pelo menos por aqui, j\u00e1 conhecemos. A dire\u00e7\u00e3o musical \u00e9 do maestro Monteiro de Souza.<br \/>Se n\u00e3o me falha a mem\u00f3ria, este \u00e1lbum j\u00e1 foi usado tamb\u00e9m pelo Loronix em um de seus anivers\u00e1rios. Como a vela \u00e9 de boa proced\u00eancia, merece novamente ser acesa e soprada por todos n\u00f3s. Vamos conferir?<\/p>\n<div style=\"text-align: center;\">happy birthday to you &#8211; aloysio de oliveira<\/div>\n<div style=\"text-align: center;\">festa de luz &#8211; l\u00facio alves<\/div>\n<div style=\"text-align: center;\">jo\u00e3ozinho e mariazinha &#8211; s\u00f4nia delfino<\/div>\n<div style=\"text-align: center;\">cora\u00e7\u00e3o s\u00f3 faz bater &#8211; doris monteiro<\/div>\n<div style=\"text-align: center;\">praia do janga &#8211; jackson do pandeiro<\/div>\n<div style=\"text-align: center;\">el relicario &#8211; rosita gonzales<\/div>\n<div style=\"text-align: center;\">a estrela da minha vida &#8211; francisco jos\u00e9<\/div>\n<div style=\"text-align: center;\">tr\u00e1 l\u00e1 l\u00e1 l\u00e1 l\u00e1 &#8211; sylvia telles<\/div>\n<div style=\"text-align: center;\">sim e n\u00e3o &#8211; sasha distel<\/div>\n<div style=\"text-align: center;\">teu nome &#8211; eleonora diva<\/div>\n<div style=\"text-align: center;\">calla calla &#8211; os vocalistas modernos<\/div>\n<div style=\"text-align: center;\">happy birthday to you (final)) &#8211; aloysio de oliveira<\/div>\n<div style=\"text-align: center;\"><\/div>\n","protected":false},"excerpt":{"rendered":"<p>Bom dia a todos os amigos cultos e ocultos! Hoje, dia 30 de junho estamos completando 4 anos de atividades. Como disse, n\u00e3o esperava chegar at\u00e9 aqui. Mas quando se conquista milh\u00f5es de amigos, sejam eles cultos ou ocultos, n\u00e3o &hellip; <a href=\"https:\/\/www.toque-musicall.com\/?p=406\">Continue lendo <span class=\"meta-nav\">&rarr;<\/span><\/a><\/p>\n","protected":false},"author":1,"featured_media":0,"comment_status":"open","ping_status":"closed","sticky":false,"template":"","format":"standard","meta":{"footnotes":""},"categories":[200,653,380,119,645,652,650,654,48,651,287],"tags":[],"class_list":["post-406","post","type-post","status-publish","format-standard","hentry","category-doris-monteiro","category-eleonora-diva","category-francisco-jose","category-jackson-do-pandeiro","category-lucio-alves","category-os-vocalistas-modernos","category-rosita-gonzales","category-sasha-distel","category-selo-philips","category-sonia-delfino","category-sylvia-telles"],"_links":{"self":[{"href":"https:\/\/www.toque-musicall.com\/index.php?rest_route=\/wp\/v2\/posts\/406","targetHints":{"allow":["GET"]}}],"collection":[{"href":"https:\/\/www.toque-musicall.com\/index.php?rest_route=\/wp\/v2\/posts"}],"about":[{"href":"https:\/\/www.toque-musicall.com\/index.php?rest_route=\/wp\/v2\/types\/post"}],"author":[{"embeddable":true,"href":"https:\/\/www.toque-musicall.com\/index.php?rest_route=\/wp\/v2\/users\/1"}],"replies":[{"embeddable":true,"href":"https:\/\/www.toque-musicall.com\/index.php?rest_route=%2Fwp%2Fv2%2Fcomments&post=406"}],"version-history":[{"count":0,"href":"https:\/\/www.toque-musicall.com\/index.php?rest_route=\/wp\/v2\/posts\/406\/revisions"}],"wp:attachment":[{"href":"https:\/\/www.toque-musicall.com\/index.php?rest_route=%2Fwp%2Fv2%2Fmedia&parent=406"}],"wp:term":[{"taxonomy":"category","embeddable":true,"href":"https:\/\/www.toque-musicall.com\/index.php?rest_route=%2Fwp%2Fv2%2Fcategories&post=406"},{"taxonomy":"post_tag","embeddable":true,"href":"https:\/\/www.toque-musicall.com\/index.php?rest_route=%2Fwp%2Fv2%2Ftags&post=406"}],"curies":[{"name":"wp","href":"https:\/\/api.w.org\/{rel}","templated":true}]}}