{"id":407,"date":"2011-06-30T10:29:00","date_gmt":"2011-06-30T10:29:00","guid":{"rendered":"http:\/\/www.toque-musicall.com\/?p=407"},"modified":"2011-06-30T10:29:00","modified_gmt":"2011-06-30T10:29:00","slug":"orquestra-tv-sound-temas-de-novelas-1964","status":"publish","type":"post","link":"https:\/\/www.toque-musicall.com\/?p=407","title":{"rendered":"Orquestra TV Sound &#8211; Temas De Novelas (1964)"},"content":{"rendered":"<div style=\"clear: both; text-align: center;\"><a href=\"http:\/\/2.bp.blogspot.com\/-Aa_wrPkMgfQ\/TgxLh_SoTSI\/AAAAAAAAIK8\/M3qKQ_hqqKg\/s1600\/renuncia+P.JPG\" style=\"margin-left: 1em; margin-right: 1em;\"><img loading=\"lazy\" decoding=\"async\" border=\"0\" height=\"398\" src=\"http:\/\/2.bp.blogspot.com\/-Aa_wrPkMgfQ\/TgxLh_SoTSI\/AAAAAAAAIK8\/M3qKQ_hqqKg\/s400\/renuncia+P.JPG\" width=\"400\" \/><\/a><\/div>\n<p>Na sequ\u00eancia, aqui vai um compacto raro, que traz a trilha de abertura de uma antiga novela da TV Record, a trama &#8220;Ren\u00fancia&#8221;, de Roberto Freire, que na \u00e9poca fez muito sucesso. Contava com a estr\u00e9ia do gal\u00e3, Francisco Cuoco, contracenando com a atriz Irina Greco (nunca mais ouvi falar dessa atriz).<br \/>A m\u00fasica tema era na verdade uma composi\u00e7\u00e3o de Elmer Bernstein, chamada &#8220;Progress&#8221;, executada pela Orquestra TV Sound, da TV Record, tendo como arranjador e regente o maestro Ciro Pereira. Do outro lado do compacto, que \u00e9 simples, temos outro tema, &#8220;Inspetor Burke&#8221; (Burke&#8217;s law), de Herschel Gilbert. Este a\u00ed fazia parte de algum seriado, suponho&#8230; n\u00e3o me lembro&#8230; n\u00e3o tenho nem cabe\u00e7a para sair procurando informa\u00e7\u00e3o. Desculpem, esgotei&#8230; Boa noite! Zzzz&#8230;.<\/p>\n<div style=\"text-align: center;\">progress (tema de ren\u00fancia)<\/div>\n<div style=\"text-align: center;\">inspetor burke (tema de burke&#8217;s law)<\/div>\n","protected":false},"excerpt":{"rendered":"<p>Na sequ\u00eancia, aqui vai um compacto raro, que traz a trilha de abertura de uma antiga novela da TV Record, a trama &#8220;Ren\u00fancia&#8221;, de Roberto Freire, que na \u00e9poca fez muito sucesso. Contava com a estr\u00e9ia do gal\u00e3, Francisco Cuoco, &hellip; <a href=\"https:\/\/www.toque-musicall.com\/?p=407\">Continue lendo <span class=\"meta-nav\">&rarr;<\/span><\/a><\/p>\n","protected":false},"author":1,"featured_media":0,"comment_status":"open","ping_status":"closed","sticky":false,"template":"","format":"standard","meta":{"footnotes":""},"categories":[655,656,18,346],"tags":[],"class_list":["post-407","post","type-post","status-publish","format-standard","hentry","category-maestro-ciro-pereira","category-orquestra-tv-sound","category-selo-rca","category-trilhas"],"_links":{"self":[{"href":"https:\/\/www.toque-musicall.com\/index.php?rest_route=\/wp\/v2\/posts\/407","targetHints":{"allow":["GET"]}}],"collection":[{"href":"https:\/\/www.toque-musicall.com\/index.php?rest_route=\/wp\/v2\/posts"}],"about":[{"href":"https:\/\/www.toque-musicall.com\/index.php?rest_route=\/wp\/v2\/types\/post"}],"author":[{"embeddable":true,"href":"https:\/\/www.toque-musicall.com\/index.php?rest_route=\/wp\/v2\/users\/1"}],"replies":[{"embeddable":true,"href":"https:\/\/www.toque-musicall.com\/index.php?rest_route=%2Fwp%2Fv2%2Fcomments&post=407"}],"version-history":[{"count":0,"href":"https:\/\/www.toque-musicall.com\/index.php?rest_route=\/wp\/v2\/posts\/407\/revisions"}],"wp:attachment":[{"href":"https:\/\/www.toque-musicall.com\/index.php?rest_route=%2Fwp%2Fv2%2Fmedia&parent=407"}],"wp:term":[{"taxonomy":"category","embeddable":true,"href":"https:\/\/www.toque-musicall.com\/index.php?rest_route=%2Fwp%2Fv2%2Fcategories&post=407"},{"taxonomy":"post_tag","embeddable":true,"href":"https:\/\/www.toque-musicall.com\/index.php?rest_route=%2Fwp%2Fv2%2Ftags&post=407"}],"curies":[{"name":"wp","href":"https:\/\/api.w.org\/{rel}","templated":true}]}}