{"id":4073,"date":"2014-03-26T22:37:01","date_gmt":"2014-03-27T01:37:01","guid":{"rendered":"http:\/\/www.toque-musicall.com\/?p=4073"},"modified":"2014-03-26T22:37:01","modified_gmt":"2014-03-27T01:37:01","slug":"paulo-autran-poesia-de-sempre-antologia-195","status":"publish","type":"post","link":"https:\/\/www.toque-musicall.com\/?p=4073","title":{"rendered":"Paulo Autran &#8211; Poesia De Sempre (Antologia) (195&#8230;)"},"content":{"rendered":"<p><img loading=\"lazy\" decoding=\"async\" class=\"aligncenter\" alt=\"\" src=\"http:\/\/1.bp.blogspot.com\/-GrrKhPL6wYY\/UzN7K6OZI_I\/AAAAAAAAIvw\/K_5fO2j027U\/s1600\/capap.JPG\" width=\"1000\" height=\"978\" \/><img loading=\"lazy\" decoding=\"async\" class=\"aligncenter\" alt=\"\" src=\"http:\/\/3.bp.blogspot.com\/-ZZCQHVAu4kw\/UzN7EIfXeSI\/AAAAAAAAIvo\/4jEVyUwU-Us\/s1600\/contrap.JPG\" width=\"1000\" height=\"986\" \/><\/p>\n<p>Ol\u00e1 amigu\u00edssimos cultos e ocultos! Hoje o nosso toque vai ser mais po\u00e9tico. Sempre que posso, gosto de postar discos de poesia. Eu curto muito e sei que muitos por aqui tamb\u00e9m adoram. Para satisfazer um desejo comum, aqui vai um disco do selo Festa, especialista em publica\u00e7oes dessa natureza naqueles tempos, final dos anos 50 e in\u00edcio dos 60. Ali\u00e1s, este \u00e1lbum eu n\u00e3o sou precisar a data de seu lan\u00e7amento. O certo \u00e9 que temos aqui uma colet\u00e2nea, uma antologia da poesia brasileira daquele tempo. S\u00e3o dezenove poemas de diferentes autores, sempre interpretados com maestria pelo grande ator Paul Autran. Confira<a href=\"http:\/\/depositfiles.org\/files\/o21v5cm4j\" target=\"_blank\">m<\/a>&#8230;<\/p>\n<div style=\"text-align: center;\">greg\u00f3rio de matos &#8211; s\u00e1tira aos v\u00edcios<\/div>\n<div style=\"text-align: center;\">tomas antonio gonzaga &#8211; lira primeira<\/div>\n<div style=\"text-align: center;\">maciel monteiro &#8211; soneto<\/div>\n<div style=\"text-align: center;\">gon\u00e7alves dias &#8211; a maldi\u00e7\u00e3o do \u00edndio pai<\/div>\n<div style=\"text-align: center;\">alvares de azevedo &#8211; se eu morresse amanh\u00e3<\/div>\n<div style=\"text-align: center;\">casemiro de abreu meus oito anos<\/div>\n<div style=\"text-align: center;\">fagundes varela &#8211; a flor do maracuj\u00e1<\/div>\n<div style=\"text-align: center;\">castro alves &#8211; \u00faltimo fantasma<\/div>\n<div style=\"text-align: center;\">raimundo correia &#8211; mal secreto<\/div>\n<div style=\"text-align: center;\">olavo bilac &#8211; in extremis<\/div>\n<div style=\"text-align: center;\">vicente de carvalho &#8211; tu mo\u00e7a, eu quase velho<\/div>\n<div style=\"text-align: center;\">julio salusse &#8211; cisnes<\/div>\n<div style=\"text-align: center;\">guimar\u00e3es passos &#8211; guarda e passa<\/div>\n<div style=\"text-align: center;\">luiz guimar\u00e3es junior &#8211; visita a casa parterna<\/div>\n<div style=\"text-align: center;\">cruz e souza &#8211; acrobata da dor<\/div>\n<div style=\"text-align: center;\">alphonsus de guimar\u00e3es &#8211; ismalia<\/div>\n<div style=\"text-align: center;\">augusto dos anjos &#8211; vandalismo<\/div>\n<div style=\"text-align: center;\">raul eloni &#8211; sabedoria<\/div>\n<div style=\"text-align: center;\">alceu wamosy &#8211; duas almas<\/div>\n<div style=\"text-align: center;\">machado de assis &#8211; a carolina<\/div>\n<div style=\"text-align: center;\"><\/div>\n<div style=\"text-align: center;\">.<\/div>\n","protected":false},"excerpt":{"rendered":"<p>Ol\u00e1 amigu\u00edssimos cultos e ocultos! Hoje o nosso toque vai ser mais po\u00e9tico. Sempre que posso, gosto de postar discos de poesia. Eu curto muito e sei que muitos por aqui tamb\u00e9m adoram. Para satisfazer um desejo comum, aqui vai &hellip; <a href=\"https:\/\/www.toque-musicall.com\/?p=4073\">Continue lendo <span class=\"meta-nav\">&rarr;<\/span><\/a><\/p>\n","protected":false},"author":1,"featured_media":0,"comment_status":"open","ping_status":"closed","sticky":false,"template":"","format":"standard","meta":{"footnotes":""},"categories":[1187,318,517],"tags":[],"class_list":["post-4073","post","type-post","status-publish","format-standard","hentry","category-paulo-autran","category-poesia","category-selo-festa"],"_links":{"self":[{"href":"https:\/\/www.toque-musicall.com\/index.php?rest_route=\/wp\/v2\/posts\/4073","targetHints":{"allow":["GET"]}}],"collection":[{"href":"https:\/\/www.toque-musicall.com\/index.php?rest_route=\/wp\/v2\/posts"}],"about":[{"href":"https:\/\/www.toque-musicall.com\/index.php?rest_route=\/wp\/v2\/types\/post"}],"author":[{"embeddable":true,"href":"https:\/\/www.toque-musicall.com\/index.php?rest_route=\/wp\/v2\/users\/1"}],"replies":[{"embeddable":true,"href":"https:\/\/www.toque-musicall.com\/index.php?rest_route=%2Fwp%2Fv2%2Fcomments&post=4073"}],"version-history":[{"count":1,"href":"https:\/\/www.toque-musicall.com\/index.php?rest_route=\/wp\/v2\/posts\/4073\/revisions"}],"predecessor-version":[{"id":4076,"href":"https:\/\/www.toque-musicall.com\/index.php?rest_route=\/wp\/v2\/posts\/4073\/revisions\/4076"}],"wp:attachment":[{"href":"https:\/\/www.toque-musicall.com\/index.php?rest_route=%2Fwp%2Fv2%2Fmedia&parent=4073"}],"wp:term":[{"taxonomy":"category","embeddable":true,"href":"https:\/\/www.toque-musicall.com\/index.php?rest_route=%2Fwp%2Fv2%2Fcategories&post=4073"},{"taxonomy":"post_tag","embeddable":true,"href":"https:\/\/www.toque-musicall.com\/index.php?rest_route=%2Fwp%2Fv2%2Ftags&post=4073"}],"curies":[{"name":"wp","href":"https:\/\/api.w.org\/{rel}","templated":true}]}}