{"id":408,"date":"2011-06-30T10:05:00","date_gmt":"2011-06-30T10:05:00","guid":{"rendered":"http:\/\/www.toque-musicall.com\/?p=408"},"modified":"2011-06-30T10:05:00","modified_gmt":"2011-06-30T10:05:00","slug":"carlos-poyares-o-som-maravilhos-da-flauta-de-carlos-poyares-1973","status":"publish","type":"post","link":"https:\/\/www.toque-musicall.com\/?p=408","title":{"rendered":"Carlos Poyares &#8211; O Som Maravilhos da Flauta de Carlos Poyares (1973)"},"content":{"rendered":"<div style=\"clear: both; text-align: center;\"><a href=\"http:\/\/1.bp.blogspot.com\/-CxGkJPioqyM\/TgxKGpn402I\/AAAAAAAAIK0\/AkM3GKTN-5A\/s1600\/carlos+P.JPG\" style=\"margin-left: 1em; margin-right: 1em;\"><img loading=\"lazy\" decoding=\"async\" border=\"0\" height=\"400\" src=\"http:\/\/1.bp.blogspot.com\/-CxGkJPioqyM\/TgxKGpn402I\/AAAAAAAAIK0\/AkM3GKTN-5A\/s400\/carlos+P.JPG\" width=\"393\" \/><\/a><\/div>\n<div style=\"margin-bottom: 0px; margin-left: 0px; margin-right: 0px; margin-top: 0px;\">Boa noite, amigos cultos e ocultos! Hoje o trem t\u00e1 osso! Parece at\u00e9 uma conspira\u00e7\u00e3o para que a semana n\u00e3o seja assim t\u00e3o especial. Embora eu tenha come\u00e7ado a preparar um mateiral para esses dias, acabei numa tremenda confus\u00e3o, sem ter como realiz\u00e1-lo a tempo. Fazer o qu\u00ea?<\/div>\n<div style=\"margin-bottom: 0px; margin-left: 0px; margin-right: 0px; margin-top: 0px;\">O jeito \u00e9 apelar para os arquivos de gaveta. E para n\u00e3o perdermos tempo, catei o primeiro que vi pronto. Pronto, ta\u00ed, vamos de Carlos Poyares. Fica mais f\u00e1cil para mim&#8230; N\u00e3o preciso entrar muito em detalhes.<\/div>\n<div style=\"margin-bottom: 0px; margin-left: 0px; margin-right: 0px; margin-top: 0px;\">Carlos Poyares j\u00e1 \u00e9 uma figura bem divulgada por aqui. Um dos nossos grandes flautistas brasileiros.<\/div>\n<div style=\"margin-bottom: 0px; margin-left: 0px; margin-right: 0px; margin-top: 0px;\">Neste \u00e1lbum, com cheiro de rosas (cheira mesmo!), temos dois momentos cl\u00e1ssicos da flauta brasileira, o choro e a valsa. Dois dos g\u00eaneros com os quais ele sempre trabalhou maravilhosamente bem. O repert\u00f3rio, n\u00e3o h\u00e1 o que comentar, ou talvez tenhamos muito o que falar. Por isso deixo com voc\u00eas. Desculpem, mas o sono e o cansa\u00e7o est\u00e3o me roubando a aten\u00e7\u00e3o. E hoje ainda falta o compacto!<\/div>\n<div style=\"margin-bottom: 0px; margin-left: 0px; margin-right: 0px; margin-top: 0px;\"><\/div>\n<div style=\"text-align: center;\">\n<div style=\"margin-bottom: 0px; margin-left: 0px; margin-right: 0px; margin-top: 0px;\">amoroso<\/div>\n<\/div>\n<div style=\"text-align: center;\">\n<div style=\"margin-bottom: 0px; margin-left: 0px; margin-right: 0px; margin-top: 0px;\">murmurando<\/div>\n<\/div>\n<div style=\"text-align: center;\">\n<div style=\"margin-bottom: 0px; margin-left: 0px; margin-right: 0px; margin-top: 0px;\">saudades do rio<\/div>\n<\/div>\n<div style=\"text-align: center;\">\n<div style=\"margin-bottom: 0px; margin-left: 0px; margin-right: 0px; margin-top: 0px;\">boli\u00e7oso<\/div>\n<\/div>\n<div style=\"text-align: center;\">\n<div style=\"margin-bottom: 0px; margin-left: 0px; margin-right: 0px; margin-top: 0px;\">n\u00e3o posso mais<\/div>\n<\/div>\n<div style=\"text-align: center;\">\n<div style=\"margin-bottom: 0px; margin-left: 0px; margin-right: 0px; margin-top: 0px;\">vou vivendo<\/div>\n<\/div>\n<div style=\"text-align: center;\">\n<div style=\"margin-bottom: 0px; margin-left: 0px; margin-right: 0px; margin-top: 0px;\">eu sonhei que tu estavas t\u00e3o linda<\/div>\n<\/div>\n<div style=\"text-align: center;\">\n<div style=\"margin-bottom: 0px; margin-left: 0px; margin-right: 0px; margin-top: 0px;\">tardes de lind\u00f3ia<\/div>\n<\/div>\n<div style=\"text-align: center;\">\n<div style=\"margin-bottom: 0px; margin-left: 0px; margin-right: 0px; margin-top: 0px;\">turbilha de beijos<\/div>\n<\/div>\n<div style=\"text-align: center;\">\n<div style=\"margin-bottom: 0px; margin-left: 0px; margin-right: 0px; margin-top: 0px;\">recordar \u00e9 viver<\/div>\n<\/div>\n<div style=\"text-align: center;\">\n<div style=\"margin-bottom: 0px; margin-left: 0px; margin-right: 0px; margin-top: 0px;\">v\u00e2nia<\/div>\n<\/div>\n<div style=\"text-align: center;\">\n<div style=\"clear: both; text-align: center;\"><\/div>\n<div style=\"margin-bottom: 0px; margin-left: 0px; margin-right: 0px; margin-top: 0px;\">por um beijo<\/div>\n<div style=\"margin-bottom: 0px; margin-left: 0px; margin-right: 0px; margin-top: 0px;\"><\/div>\n<div style=\"margin-bottom: 0px; margin-left: 0px; margin-right: 0px; margin-top: 0px;\"><\/div>\n<\/div>\n","protected":false},"excerpt":{"rendered":"<p>Boa noite, amigos cultos e ocultos! Hoje o trem t\u00e1 osso! Parece at\u00e9 uma conspira\u00e7\u00e3o para que a semana n\u00e3o seja assim t\u00e3o especial. Embora eu tenha come\u00e7ado a preparar um mateiral para esses dias, acabei numa tremenda confus\u00e3o, sem &hellip; <a href=\"https:\/\/www.toque-musicall.com\/?p=408\">Continue lendo <span class=\"meta-nav\">&rarr;<\/span><\/a><\/p>\n","protected":false},"author":1,"featured_media":0,"comment_status":"open","ping_status":"closed","sticky":false,"template":"","format":"standard","meta":{"footnotes":""},"categories":[657,172],"tags":[],"class_list":["post-408","post","type-post","status-publish","format-standard","hentry","category-carlos-poyares","category-selo-amc"],"_links":{"self":[{"href":"https:\/\/www.toque-musicall.com\/index.php?rest_route=\/wp\/v2\/posts\/408","targetHints":{"allow":["GET"]}}],"collection":[{"href":"https:\/\/www.toque-musicall.com\/index.php?rest_route=\/wp\/v2\/posts"}],"about":[{"href":"https:\/\/www.toque-musicall.com\/index.php?rest_route=\/wp\/v2\/types\/post"}],"author":[{"embeddable":true,"href":"https:\/\/www.toque-musicall.com\/index.php?rest_route=\/wp\/v2\/users\/1"}],"replies":[{"embeddable":true,"href":"https:\/\/www.toque-musicall.com\/index.php?rest_route=%2Fwp%2Fv2%2Fcomments&post=408"}],"version-history":[{"count":0,"href":"https:\/\/www.toque-musicall.com\/index.php?rest_route=\/wp\/v2\/posts\/408\/revisions"}],"wp:attachment":[{"href":"https:\/\/www.toque-musicall.com\/index.php?rest_route=%2Fwp%2Fv2%2Fmedia&parent=408"}],"wp:term":[{"taxonomy":"category","embeddable":true,"href":"https:\/\/www.toque-musicall.com\/index.php?rest_route=%2Fwp%2Fv2%2Fcategories&post=408"},{"taxonomy":"post_tag","embeddable":true,"href":"https:\/\/www.toque-musicall.com\/index.php?rest_route=%2Fwp%2Fv2%2Ftags&post=408"}],"curies":[{"name":"wp","href":"https:\/\/api.w.org\/{rel}","templated":true}]}}