{"id":4081,"date":"2014-03-28T22:27:00","date_gmt":"2014-03-29T01:27:00","guid":{"rendered":"http:\/\/www.toque-musicall.com\/?p=4081"},"modified":"2014-03-28T22:27:00","modified_gmt":"2014-03-29T01:27:00","slug":"antonio-adolfo-a-brazuca-1985","status":"publish","type":"post","link":"https:\/\/www.toque-musicall.com\/?p=4081","title":{"rendered":"Antonio Adolfo &#038; A Brazuca (1985)"},"content":{"rendered":"<p><img loading=\"lazy\" decoding=\"async\" class=\"aligncenter\" alt=\"\" src=\"http:\/\/3.bp.blogspot.com\/-Al6itdJIr08\/UzYdo6dMGfI\/AAAAAAAAIwo\/1ZDKtvPvy88\/s1600\/folder.jpg\" width=\"1000\" height=\"996\" \/><img loading=\"lazy\" decoding=\"async\" class=\"aligncenter\" alt=\"\" src=\"http:\/\/2.bp.blogspot.com\/-fp8sEqTAJZM\/UzYdhqK46OI\/AAAAAAAAIwg\/BpvY9FrLZd0\/s1600\/contrap.JPG\" width=\"1000\" height=\"988\" \/><\/p>\n<div>Boa noite, amigos cultos e ocultos! Hoje eu estou na base da pressa. Sexta feira&#8230; j\u00e1 viu, n\u00e9? A noite promete (n\u00e3o o que n\u00e3o, mas eu vou&#8230;) Da\u00ed, aproveitando enquanto enrolo o tempo, vou mandando um toque pronto, um &#8216;disco de gaveta&#8217;. Segue aqui para voc\u00eas este lp do Antonio Adolfo e a sua Brazuca, disco que me parece foi lan\u00e7ado (ou relan\u00e7ado) em 1985. Trata-se de uma esp\u00e9cie de colet\u00e2nea de m\u00fasicas dos dois primeiros discos, de 69 e 71. Disquinho bacana \ud83d\ude09 (t\u00e1 pronto, deixa eu i<a href=\"http:\/\/depositfiles.org\/files\/gwzmr1kbo\" target=\"_blank\">r<\/a>&#8230;)<\/div>\n<div><\/div>\n<div style=\"text-align: center;\">tributo a victor manga<\/div>\n<div style=\"text-align: center;\">juliana<\/div>\n<div style=\"text-align: center;\">teletema<\/div>\n<div style=\"text-align: center;\">panorama<\/div>\n<div style=\"text-align: center;\">maria aparecida<\/div>\n<div style=\"text-align: center;\">pelas ruas do meu bairro<\/div>\n<div style=\"text-align: center;\">pela cidade<\/div>\n<div style=\"text-align: center;\">que se dante<\/div>\n<div style=\"text-align: center;\">aten\u00e7\u00e3o, aten\u00e7\u00e3o<\/div>\n<div style=\"text-align: center;\">mo\u00e7a<\/div>\n<div style=\"text-align: center;\">porque hoje \u00e9 domingo<\/div>\n<div style=\"text-align: center;\">cortando caminho<\/div>\n<div style=\"text-align: center;\"><\/div>\n<div style=\"text-align: center;\">.<\/div>\n<div style=\"text-align: center;\"><\/div>\n","protected":false},"excerpt":{"rendered":"<p>Boa noite, amigos cultos e ocultos! Hoje eu estou na base da pressa. Sexta feira&#8230; j\u00e1 viu, n\u00e9? A noite promete (n\u00e3o o que n\u00e3o, mas eu vou&#8230;) Da\u00ed, aproveitando enquanto enrolo o tempo, vou mandando um toque pronto, um &hellip; <a href=\"https:\/\/www.toque-musicall.com\/?p=4081\">Continue lendo <span class=\"meta-nav\">&rarr;<\/span><\/a><\/p>\n","protected":false},"author":1,"featured_media":0,"comment_status":"open","ping_status":"closed","sticky":false,"template":"","format":"standard","meta":{"footnotes":""},"categories":[937,244],"tags":[],"class_list":["post-4081","post","type-post","status-publish","format-standard","hentry","category-antonio-adolfo","category-selo-emi-odeon"],"_links":{"self":[{"href":"https:\/\/www.toque-musicall.com\/index.php?rest_route=\/wp\/v2\/posts\/4081","targetHints":{"allow":["GET"]}}],"collection":[{"href":"https:\/\/www.toque-musicall.com\/index.php?rest_route=\/wp\/v2\/posts"}],"about":[{"href":"https:\/\/www.toque-musicall.com\/index.php?rest_route=\/wp\/v2\/types\/post"}],"author":[{"embeddable":true,"href":"https:\/\/www.toque-musicall.com\/index.php?rest_route=\/wp\/v2\/users\/1"}],"replies":[{"embeddable":true,"href":"https:\/\/www.toque-musicall.com\/index.php?rest_route=%2Fwp%2Fv2%2Fcomments&post=4081"}],"version-history":[{"count":1,"href":"https:\/\/www.toque-musicall.com\/index.php?rest_route=\/wp\/v2\/posts\/4081\/revisions"}],"predecessor-version":[{"id":4084,"href":"https:\/\/www.toque-musicall.com\/index.php?rest_route=\/wp\/v2\/posts\/4081\/revisions\/4084"}],"wp:attachment":[{"href":"https:\/\/www.toque-musicall.com\/index.php?rest_route=%2Fwp%2Fv2%2Fmedia&parent=4081"}],"wp:term":[{"taxonomy":"category","embeddable":true,"href":"https:\/\/www.toque-musicall.com\/index.php?rest_route=%2Fwp%2Fv2%2Fcategories&post=4081"},{"taxonomy":"post_tag","embeddable":true,"href":"https:\/\/www.toque-musicall.com\/index.php?rest_route=%2Fwp%2Fv2%2Ftags&post=4081"}],"curies":[{"name":"wp","href":"https:\/\/api.w.org\/{rel}","templated":true}]}}