{"id":4085,"date":"2014-03-29T23:46:09","date_gmt":"2014-03-30T02:46:09","guid":{"rendered":"http:\/\/www.toque-musicall.com\/?p=4085"},"modified":"2014-03-30T23:49:08","modified_gmt":"2014-03-31T02:49:08","slug":"orlando-silva-25-anos-cantando-para-as-multidoes-1968","status":"publish","type":"post","link":"https:\/\/www.toque-musicall.com\/?p=4085","title":{"rendered":"Orlando Silva &#8211; 25 Anos Cantando Para As Multid\u00f5es (1968)"},"content":{"rendered":"<p><img loading=\"lazy\" decoding=\"async\" class=\"aligncenter\" alt=\"\" src=\"http:\/\/1.bp.blogspot.com\/-_uVzlOBT_U8\/UzjUMpPQpnI\/AAAAAAAAIxA\/qfYIgB4E5g8\/s1600\/capa.JPG\" width=\"1600\" height=\"1583\" \/><\/p>\n<p><img loading=\"lazy\" decoding=\"async\" class=\"aligncenter\" alt=\"\" src=\"http:\/\/2.bp.blogspot.com\/-NWDKPO5F3nM\/UzjT_iC6U8I\/AAAAAAAAIw4\/vkwWF9ydSR0\/s1600\/contra.JPG\" width=\"1600\" height=\"1563\" \/><\/p>\n<p>Ol\u00e1 amigos cultos e ocultos! Atendendo a um pedido muito especial, estou postando aqui este \u00e1lbum do Orlando Silva. Trata-se de uma colet\u00e2nea relan\u00e7ada pela Odeon atrav\u00e9s de seu selo Imperial, em 1968. Originalmente este lp se chama &#8220;25 Anos Cantando Para As Multid\u00f5es&#8221;. Um sele\u00e7\u00e3o com o melhor de Orlando Silva pela Odeon.<br \/>\nComo se trata de uma postagem extra, fiz meio que as pressas. Nem a capa eu recortei direit<a href=\"http:\/\/depositfiles.org\/files\/7i18o8e9b\" target=\"_blank\">o<\/a>&#8230;<\/p>\n<div style=\"text-align: center;\">errei, erramos<\/div>\n<div style=\"text-align: center;\">ci\u00fames sem raz\u00e3o<\/div>\n<div style=\"text-align: center;\">bohemio<\/div>\n<div style=\"text-align: center;\">uma saudade a mais, uma espera a menos<\/div>\n<div style=\"text-align: center;\">fuga<\/div>\n<div style=\"text-align: center;\">mentiras<\/div>\n<div style=\"text-align: center;\">a \u00faltima can\u00e7\u00e3o<\/div>\n<div style=\"text-align: center;\">faixa de setim<\/div>\n<div style=\"text-align: center;\">horas iguais<\/div>\n<div style=\"text-align: center;\">desespero<\/div>\n<div style=\"text-align: center;\">d\u00e1-me tuas m\u00e3os<\/div>\n<div style=\"text-align: center;\">eu e ela<\/div>\n<div style=\"text-align: center;\"><\/div>\n<div style=\"text-align: center;\">.<\/div>\n","protected":false},"excerpt":{"rendered":"<p>Ol\u00e1 amigos cultos e ocultos! Atendendo a um pedido muito especial, estou postando aqui este \u00e1lbum do Orlando Silva. Trata-se de uma colet\u00e2nea relan\u00e7ada pela Odeon atrav\u00e9s de seu selo Imperial, em 1968. Originalmente este lp se chama &#8220;25 Anos &hellip; <a href=\"https:\/\/www.toque-musicall.com\/?p=4085\">Continue lendo <span class=\"meta-nav\">&rarr;<\/span><\/a><\/p>\n","protected":false},"author":1,"featured_media":0,"comment_status":"open","ping_status":"closed","sticky":false,"template":"","format":"standard","meta":{"footnotes":""},"categories":[85,3],"tags":[],"class_list":["post-4085","post","type-post","status-publish","format-standard","hentry","category-orlando-silva","category-selo-imperial"],"_links":{"self":[{"href":"https:\/\/www.toque-musicall.com\/index.php?rest_route=\/wp\/v2\/posts\/4085","targetHints":{"allow":["GET"]}}],"collection":[{"href":"https:\/\/www.toque-musicall.com\/index.php?rest_route=\/wp\/v2\/posts"}],"about":[{"href":"https:\/\/www.toque-musicall.com\/index.php?rest_route=\/wp\/v2\/types\/post"}],"author":[{"embeddable":true,"href":"https:\/\/www.toque-musicall.com\/index.php?rest_route=\/wp\/v2\/users\/1"}],"replies":[{"embeddable":true,"href":"https:\/\/www.toque-musicall.com\/index.php?rest_route=%2Fwp%2Fv2%2Fcomments&post=4085"}],"version-history":[{"count":1,"href":"https:\/\/www.toque-musicall.com\/index.php?rest_route=\/wp\/v2\/posts\/4085\/revisions"}],"predecessor-version":[{"id":4088,"href":"https:\/\/www.toque-musicall.com\/index.php?rest_route=\/wp\/v2\/posts\/4085\/revisions\/4088"}],"wp:attachment":[{"href":"https:\/\/www.toque-musicall.com\/index.php?rest_route=%2Fwp%2Fv2%2Fmedia&parent=4085"}],"wp:term":[{"taxonomy":"category","embeddable":true,"href":"https:\/\/www.toque-musicall.com\/index.php?rest_route=%2Fwp%2Fv2%2Fcategories&post=4085"},{"taxonomy":"post_tag","embeddable":true,"href":"https:\/\/www.toque-musicall.com\/index.php?rest_route=%2Fwp%2Fv2%2Ftags&post=4085"}],"curies":[{"name":"wp","href":"https:\/\/api.w.org\/{rel}","templated":true}]}}