{"id":4089,"date":"2014-03-30T19:45:31","date_gmt":"2014-03-30T22:45:31","guid":{"rendered":"http:\/\/www.toque-musicall.com\/?p=4089"},"modified":"2014-03-31T19:50:01","modified_gmt":"2014-03-31T22:50:01","slug":"margarida-lopes-de-almeida-recital-1955","status":"publish","type":"post","link":"https:\/\/www.toque-musicall.com\/?p=4089","title":{"rendered":"Margarida Lopes De Almeida &#8211; Recital (1955)"},"content":{"rendered":"<p><img loading=\"lazy\" decoding=\"async\" class=\"aligncenter\" alt=\"\" src=\"http:\/\/1.bp.blogspot.com\/-H1J-GRT8PFk\/UzngRTlgbeI\/AAAAAAAAIxc\/F1t8Jpcu0tQ\/s1600\/capap.JPG\" width=\"1000\" height=\"993\" \/><img loading=\"lazy\" decoding=\"async\" class=\"aligncenter\" alt=\"\" src=\"http:\/\/1.bp.blogspot.com\/-nlrmTfmgIC0\/UzngIULaFPI\/AAAAAAAAIxU\/y_hgGsv-Q2U\/s1600\/contrap.JPG\" width=\"1000\" height=\"978\" \/><\/p>\n<p>Prezados amigos cultos e ocultos, nosso domingo vai ser mais l\u00edrico e po\u00e9tico. Poesia \u00e9 algo que sempre cai bem por aqui e eu procuro sempre cultivar esse h\u00e1bito. Hoje eu trago outro \u00e1lbum produzido pelo selo Festa, do jornalista Irineu Garcia. Como j\u00e1 falamos aqui, o Festa Discos Ltda foi criado com a inten\u00e7\u00e3o de promover a poesia, sendo, creio eu, o primeiro selo brasileiro dedicado aos poetas. Eles tamb\u00e9m lan\u00e7aram discos de m\u00fasica, \u00e1lbuns verdadeiramente antol\u00f3gicos. Sua s\u00e9rie de discos tem uma import\u00e2ncia que vai al\u00e9m da poesia. S\u00e3o registros hist\u00f3ricos das vozes, muitas vezes dos pr\u00f3prios poetas. Mas quem melhor, al\u00e9m de seus autores, que os verdadeiros profissionais da interpreta\u00e7\u00e3o? Como foi o caso, na semana passada, de Paulo Autran. E agora, Margarida Lopes de Almeida, um consagrada artista e declamadora brasileira apresenta aqui dez poetas, dez poemas cujo os estilos v\u00e3o do Parnasianismo de Olavo Bilac ao Modernismo de Carlos Drummod de Andrad<a href=\"http:\/\/depositfiles.org\/files\/nwlzzlkzl\" target=\"_blank\">e<\/a>.<\/p>\n<div style=\"text-align: center;\">via l\u00e1ctea &#8211; olavo bilac<\/div>\n<div style=\"text-align: center;\">serenata &#8211; martins fontes<\/div>\n<div style=\"text-align: center;\">p\u00f3stuma &#8211; raul machado<\/div>\n<div style=\"text-align: center;\">ciranda &#8211; afonso lopes de almeida<\/div>\n<div style=\"text-align: center;\">a m\u00fasica dos bilros &#8211; artur de sales<\/div>\n<div style=\"text-align: center;\">romance de n. s. da ajuda &#8211; cec\u00edlia meireles<\/div>\n<div style=\"text-align: center;\">passagem da noite carlos drummond de andrade<\/div>\n<div style=\"text-align: center;\">can\u00e7\u00e3o balet &#8211; m\u00e1rio quintana<\/div>\n<div style=\"text-align: center;\">velocidade &#8211; guilherme de almeida<\/div>\n<div style=\"text-align: center;\">os sinos &#8211; manoel bandeira<\/div>\n<div style=\"text-align: center;\"><\/div>\n<div style=\"text-align: center;\">.<\/div>\n","protected":false},"excerpt":{"rendered":"<p>Prezados amigos cultos e ocultos, nosso domingo vai ser mais l\u00edrico e po\u00e9tico. Poesia \u00e9 algo que sempre cai bem por aqui e eu procuro sempre cultivar esse h\u00e1bito. Hoje eu trago outro \u00e1lbum produzido pelo selo Festa, do jornalista &hellip; <a href=\"https:\/\/www.toque-musicall.com\/?p=4089\">Continue lendo <span class=\"meta-nav\">&rarr;<\/span><\/a><\/p>\n","protected":false},"author":1,"featured_media":0,"comment_status":"open","ping_status":"closed","sticky":false,"template":"","format":"standard","meta":{"footnotes":""},"categories":[2363,318,517],"tags":[],"class_list":["post-4089","post","type-post","status-publish","format-standard","hentry","category-margarida-lopes-de-almeida","category-poesia","category-selo-festa"],"_links":{"self":[{"href":"https:\/\/www.toque-musicall.com\/index.php?rest_route=\/wp\/v2\/posts\/4089","targetHints":{"allow":["GET"]}}],"collection":[{"href":"https:\/\/www.toque-musicall.com\/index.php?rest_route=\/wp\/v2\/posts"}],"about":[{"href":"https:\/\/www.toque-musicall.com\/index.php?rest_route=\/wp\/v2\/types\/post"}],"author":[{"embeddable":true,"href":"https:\/\/www.toque-musicall.com\/index.php?rest_route=\/wp\/v2\/users\/1"}],"replies":[{"embeddable":true,"href":"https:\/\/www.toque-musicall.com\/index.php?rest_route=%2Fwp%2Fv2%2Fcomments&post=4089"}],"version-history":[{"count":1,"href":"https:\/\/www.toque-musicall.com\/index.php?rest_route=\/wp\/v2\/posts\/4089\/revisions"}],"predecessor-version":[{"id":4092,"href":"https:\/\/www.toque-musicall.com\/index.php?rest_route=\/wp\/v2\/posts\/4089\/revisions\/4092"}],"wp:attachment":[{"href":"https:\/\/www.toque-musicall.com\/index.php?rest_route=%2Fwp%2Fv2%2Fmedia&parent=4089"}],"wp:term":[{"taxonomy":"category","embeddable":true,"href":"https:\/\/www.toque-musicall.com\/index.php?rest_route=%2Fwp%2Fv2%2Fcategories&post=4089"},{"taxonomy":"post_tag","embeddable":true,"href":"https:\/\/www.toque-musicall.com\/index.php?rest_route=%2Fwp%2Fv2%2Ftags&post=4089"}],"curies":[{"name":"wp","href":"https:\/\/api.w.org\/{rel}","templated":true}]}}