{"id":409,"date":"2011-06-30T09:36:00","date_gmt":"2011-06-30T09:36:00","guid":{"rendered":"http:\/\/www.toque-musicall.com\/?p=409"},"modified":"2011-06-30T09:36:00","modified_gmt":"2011-06-30T09:36:00","slug":"toque-musical-4-anos","status":"publish","type":"post","link":"https:\/\/www.toque-musicall.com\/?p=409","title":{"rendered":"Toque Musical &#8211; 4 anos!"},"content":{"rendered":"<div style=\"clear: both; text-align: center;\"><\/div>\n<div style=\"clear: both; text-align: center;\"><a href=\"http:\/\/1.bp.blogspot.com\/-NEP3rxGXJZw\/TgxQ1TjCRYI\/AAAAAAAAILE\/gWAZtqN7Cjs\/s1600\/4+anos.jpg\" style=\"margin-left: 1em; margin-right: 1em;\"><img loading=\"lazy\" decoding=\"async\" border=\"0\" height=\"300\" src=\"http:\/\/1.bp.blogspot.com\/-NEP3rxGXJZw\/TgxQ1TjCRYI\/AAAAAAAAILE\/gWAZtqN7Cjs\/s400\/4+anos.jpg\" width=\"400\" \/><\/a><\/div>\n<div style=\"clear: both; text-align: left;\">Pela quarta vez estamos aqui soprando as velinhas. A cada ano que passa o fogo aumenta mais. Sempre que me aproximo do final de um ciclo desses, penso que j\u00e1 \u00e9 hora de parar. Mas, devo confessar, isso aqui \u00e9 uma cacha\u00e7a! Al\u00e9m do mais, o que eu poderia fazer tendo tantos discos (e dos mais variados) \u00e0 m\u00e3o, somado aos que regurlarmente me s\u00e3o enviados pelos meus bons e fi\u00e9is amigos colaboradores e parceiros? Ficar amontoado em pilhas de discos, guardando tudo para mim? Isso n\u00e3o faz sentido. Coisas boas s\u00e3o feitas para compartilhar! M\u00fasica \u00e9 cultura! E se ainda nos sobra essa riqueza, vamos usufrui-la, antes que a burrice fa\u00e7a mais estragos. Viva a liberdade de comunica\u00e7\u00e3o, de comunh\u00e3o e fraternidade musical!<\/div>\n<div style=\"clear: both; text-align: left;\">Parab\u00e9ns para todos n\u00f3s que sabemos dar valor \u00e0 nossa arte maior, a m\u00fasica! Salvemos o Brasil! Salvemos todos n\u00f3s! Parab\u00e9ns ao Toque Musical! \u00c9 hoje!!!<\/div>\n<div style=\"clear: both; text-align: left;\"><\/div>\n<div style=\"clear: both; text-align: left;\"><\/div>\n","protected":false},"excerpt":{"rendered":"<p>Pela quarta vez estamos aqui soprando as velinhas. A cada ano que passa o fogo aumenta mais. Sempre que me aproximo do final de um ciclo desses, penso que j\u00e1 \u00e9 hora de parar. Mas, devo confessar, isso aqui \u00e9 &hellip; <a href=\"https:\/\/www.toque-musicall.com\/?p=409\">Continue lendo <span class=\"meta-nav\">&rarr;<\/span><\/a><\/p>\n","protected":false},"author":1,"featured_media":0,"comment_status":"open","ping_status":"closed","sticky":false,"template":"","format":"standard","meta":{"footnotes":""},"categories":[658,659],"tags":[],"class_list":["post-409","post","type-post","status-publish","format-standard","hentry","category-extras","category-toque-musical-4-anos"],"_links":{"self":[{"href":"https:\/\/www.toque-musicall.com\/index.php?rest_route=\/wp\/v2\/posts\/409","targetHints":{"allow":["GET"]}}],"collection":[{"href":"https:\/\/www.toque-musicall.com\/index.php?rest_route=\/wp\/v2\/posts"}],"about":[{"href":"https:\/\/www.toque-musicall.com\/index.php?rest_route=\/wp\/v2\/types\/post"}],"author":[{"embeddable":true,"href":"https:\/\/www.toque-musicall.com\/index.php?rest_route=\/wp\/v2\/users\/1"}],"replies":[{"embeddable":true,"href":"https:\/\/www.toque-musicall.com\/index.php?rest_route=%2Fwp%2Fv2%2Fcomments&post=409"}],"version-history":[{"count":0,"href":"https:\/\/www.toque-musicall.com\/index.php?rest_route=\/wp\/v2\/posts\/409\/revisions"}],"wp:attachment":[{"href":"https:\/\/www.toque-musicall.com\/index.php?rest_route=%2Fwp%2Fv2%2Fmedia&parent=409"}],"wp:term":[{"taxonomy":"category","embeddable":true,"href":"https:\/\/www.toque-musicall.com\/index.php?rest_route=%2Fwp%2Fv2%2Fcategories&post=409"},{"taxonomy":"post_tag","embeddable":true,"href":"https:\/\/www.toque-musicall.com\/index.php?rest_route=%2Fwp%2Fv2%2Ftags&post=409"}],"curies":[{"name":"wp","href":"https:\/\/api.w.org\/{rel}","templated":true}]}}