{"id":41,"date":"2012-06-07T03:10:00","date_gmt":"2012-06-07T03:10:00","guid":{"rendered":"http:\/\/www.toque-musicall.com\/?p=41"},"modified":"2012-06-07T03:10:00","modified_gmt":"2012-06-07T03:10:00","slug":"os-novos-boemios-choros-e-choroes-198","status":"publish","type":"post","link":"https:\/\/www.toque-musicall.com\/?p=41","title":{"rendered":"Os Novos Boemios &#8211; Choros E Chor\u00f5es (198&#8230;)"},"content":{"rendered":"<div style=\"clear: both; text-align: center;\"><a href=\"http:\/\/1.bp.blogspot.com\/-D0uv9DEITb4\/T9AQZpWHtVI\/AAAAAAAACpo\/ExOvifx6zAk\/s1600\/CapaP.JPG\" style=\"margin-left: 1em; margin-right: 1em;\"><img loading=\"lazy\" decoding=\"async\" border=\"0\" height=\"400\" src=\"http:\/\/1.bp.blogspot.com\/-D0uv9DEITb4\/T9AQZpWHtVI\/AAAAAAAACpo\/ExOvifx6zAk\/s400\/CapaP.JPG\" width=\"400\" \/><\/a><\/div>\n<div style=\"clear: both; text-align: center;\"><a href=\"http:\/\/1.bp.blogspot.com\/-cmpH1wW9Ghs\/T9AQV4MhnaI\/AAAAAAAACpg\/GLPdqSU214k\/s1600\/ContracapaP.JPG\" style=\"margin-left: 1em; margin-right: 1em;\"><img loading=\"lazy\" decoding=\"async\" border=\"0\" height=\"400\" src=\"http:\/\/1.bp.blogspot.com\/-cmpH1wW9Ghs\/T9AQV4MhnaI\/AAAAAAAACpg\/GLPdqSU214k\/s400\/ContracapaP.JPG\" width=\"400\" \/><\/a><\/div>\n<p>Boa noite, amigos cultos, ocultos e associados de plant\u00e3o! Desculpem a express\u00e3o, mas hoje o dia foi foda! V\u00e9spera de feriado, com obras por toda a cidade, o tr\u00e2nsito ficou um horror. S\u00f3 agora eu estou chegando em casa, mas felizmente ainda a tempo de bater o ponto. E vamos l\u00e1&#8230;<br \/>Hoje teremos um disco que est\u00e1 funcionando como &#8216;disco de gaveta&#8217;. Isso porque mais uma vez eu n\u00e3o tive tempo para preparar nada. Assim, lan\u00e7o m\u00e3o de uma colabora\u00e7\u00e3o, um disco enviado recentemente para mim, pela nossa amiga frequentadora Elaine. Eu confesso que n\u00e3o tive tempo de ouvir e conhecer um pouco sobre esse grupo, &#8220;Os Novos Bo\u00eamios&#8221;. A capa tamb\u00e9m n\u00e3o nos traz nenhuma informa\u00e7\u00e3o e nem data de lan\u00e7amento. O \u00e1lbum foi lan\u00e7ado pelo selo Cartaz. Pelo estil\u00e3o da capa e outros detalhes, eu diria que o disco foi lan\u00e7ado na d\u00e9cada de 80. Contudo, do pouco que estou ouvindo agora, suponho que seja um grupo e uma grava\u00e7\u00e3o dos anos 60. Como se pode ver pela estampa, trata-se de um disco de chorinho. O repert\u00f3rio, muito bem pautado, nos traz p\u00e9rolas de Pixinguinha, Garoto, Catulo da Paix\u00e3o Cearense, Waldir \u00a0Azevedo e outro mais&#8230; S\u00e3o verdadeiros cl\u00e1ssicos do ch\u00f4ro, que sempre vale a pena ouvir de novo e principalmente com outros int\u00e9rpretes. Vamos conferir?<\/p>\n<div style=\"text-align: center;\">tico tico no fub\u00e1<\/div>\n<div style=\"text-align: center;\">l\u00edngua de preto<\/div>\n<div style=\"text-align: center;\">andr\u00e9 de sapato novo<\/div>\n<div style=\"text-align: center;\">carinhoso<\/div>\n<div style=\"text-align: center;\">amoroso<\/div>\n<div style=\"text-align: center;\">flor amorosa<\/div>\n<div style=\"text-align: center;\">o bo\u00eamio<\/div>\n<div style=\"text-align: center;\">brasileirinho<\/div>\n<div style=\"text-align: center;\">odeon<\/div>\n<div style=\"text-align: center;\">lamento<\/div>\n<div style=\"text-align: center;\">sofre porque queres<\/div>\n<div style=\"text-align: center;\">os oito batutas<\/div>\n","protected":false},"excerpt":{"rendered":"<p>Boa noite, amigos cultos, ocultos e associados de plant\u00e3o! Desculpem a express\u00e3o, mas hoje o dia foi foda! V\u00e9spera de feriado, com obras por toda a cidade, o tr\u00e2nsito ficou um horror. S\u00f3 agora eu estou chegando em casa, mas &hellip; <a href=\"https:\/\/www.toque-musicall.com\/?p=41\">Continue lendo <span class=\"meta-nav\">&rarr;<\/span><\/a><\/p>\n","protected":false},"author":1,"featured_media":0,"comment_status":"open","ping_status":"closed","sticky":false,"template":"","format":"standard","meta":{"footnotes":""},"categories":[37,38],"tags":[],"class_list":["post-41","post","type-post","status-publish","format-standard","hentry","category-os-novos-boemios","category-selo-cartaz"],"_links":{"self":[{"href":"https:\/\/www.toque-musicall.com\/index.php?rest_route=\/wp\/v2\/posts\/41","targetHints":{"allow":["GET"]}}],"collection":[{"href":"https:\/\/www.toque-musicall.com\/index.php?rest_route=\/wp\/v2\/posts"}],"about":[{"href":"https:\/\/www.toque-musicall.com\/index.php?rest_route=\/wp\/v2\/types\/post"}],"author":[{"embeddable":true,"href":"https:\/\/www.toque-musicall.com\/index.php?rest_route=\/wp\/v2\/users\/1"}],"replies":[{"embeddable":true,"href":"https:\/\/www.toque-musicall.com\/index.php?rest_route=%2Fwp%2Fv2%2Fcomments&post=41"}],"version-history":[{"count":0,"href":"https:\/\/www.toque-musicall.com\/index.php?rest_route=\/wp\/v2\/posts\/41\/revisions"}],"wp:attachment":[{"href":"https:\/\/www.toque-musicall.com\/index.php?rest_route=%2Fwp%2Fv2%2Fmedia&parent=41"}],"wp:term":[{"taxonomy":"category","embeddable":true,"href":"https:\/\/www.toque-musicall.com\/index.php?rest_route=%2Fwp%2Fv2%2Fcategories&post=41"},{"taxonomy":"post_tag","embeddable":true,"href":"https:\/\/www.toque-musicall.com\/index.php?rest_route=%2Fwp%2Fv2%2Ftags&post=41"}],"curies":[{"name":"wp","href":"https:\/\/api.w.org\/{rel}","templated":true}]}}