{"id":410,"date":"2011-06-29T02:03:00","date_gmt":"2011-06-29T02:03:00","guid":{"rendered":"http:\/\/www.toque-musicall.com\/?p=410"},"modified":"2011-06-29T02:03:00","modified_gmt":"2011-06-29T02:03:00","slug":"impacto-compacto-1978","status":"publish","type":"post","link":"https:\/\/www.toque-musicall.com\/?p=410","title":{"rendered":"Impacto &#8211; Compacto (1978)"},"content":{"rendered":"<div style=\"clear: both; text-align: center;\"><a href=\"http:\/\/4.bp.blogspot.com\/-vp1k_bKOtbA\/Tgp-TWqtycI\/AAAAAAAAIKc\/topOkBML_uk\/s1600\/IMPACTO+P.JPG\" style=\"margin-left: 1em; margin-right: 1em;\"><img loading=\"lazy\" decoding=\"async\" border=\"0\" height=\"400\" src=\"http:\/\/4.bp.blogspot.com\/-vp1k_bKOtbA\/Tgp-TWqtycI\/AAAAAAAAIKc\/topOkBML_uk\/s400\/IMPACTO+P.JPG\" width=\"392\" \/><\/a><\/div>\n<p>Ta\u00ed o compacto da noite, seguindo bem na linha do grupo Santa Cruz, que foi postado ainda a pouco. O Impacto, se n\u00e3o estou enganado, tamb\u00e9m fazia o circ\u00faito de bailes. Lan\u00e7aram este compacto pelo selo internacional Atco Records, com produ\u00e7\u00e3o do violonista e compositor pernambucano <a href=\"http:\/\/toque-musicall.blogspot.com\/search\/label\/Marcus%20Vinicius\">Marcus Vinicius<\/a>, aquele que trabalhou com o Marcus Pereira e em seu selo gravou dois discos, &#8220;Trem dos condenados&#8221; e &#8220;D\u00e9dalus&#8221;. Obviamente, voc\u00eas ver\u00e3o, o grupo Impacto n\u00e3o tem nada a ver com a musicalidade do seu produtor. Trata-se apenas de um trabalho comercial, onde por acaso ele atuou. O nome &#8216;Impacto&#8217; tamb\u00e9m nos remete ao grupo potiguar Impacto 5, que tamb\u00e9m atuou na cena pop dos anos 70. Eu n\u00e3o sei n\u00e3o, mas suspeito que talvez algum dos integrandes do Impacto 5 esteja por tr\u00e1s deste grupo.<br \/>No disquinho encontramos uma vers\u00e3o para &#8220;Dreamin'&#8221;, sucesso internacional nas r\u00e1dios no come\u00e7o dos anos 70, aqui chamado de &#8220;Sonho&#8221; e do outro lado, &#8220;Conselho de amigo&#8221;, hit a la jingles, que tamb\u00e9m tocou bastante nas r\u00e1dios. Eu lembro e voc\u00eas? \ud83d\ude42<\/p>\n<div style=\"text-align: center;\">sonho (dreamin&#8217;)<\/div>\n<div style=\"text-align: center;\">conselho de amigo<\/div>\n","protected":false},"excerpt":{"rendered":"<p>Ta\u00ed o compacto da noite, seguindo bem na linha do grupo Santa Cruz, que foi postado ainda a pouco. O Impacto, se n\u00e3o estou enganado, tamb\u00e9m fazia o circ\u00faito de bailes. Lan\u00e7aram este compacto pelo selo internacional Atco Records, com &hellip; <a href=\"https:\/\/www.toque-musicall.com\/?p=410\">Continue lendo <span class=\"meta-nav\">&rarr;<\/span><\/a><\/p>\n","protected":false},"author":1,"featured_media":0,"comment_status":"open","ping_status":"closed","sticky":false,"template":"","format":"standard","meta":{"footnotes":""},"categories":[661,660],"tags":[],"class_list":["post-410","post","type-post","status-publish","format-standard","hentry","category-impacto-cinco","category-selo-atco"],"_links":{"self":[{"href":"https:\/\/www.toque-musicall.com\/index.php?rest_route=\/wp\/v2\/posts\/410","targetHints":{"allow":["GET"]}}],"collection":[{"href":"https:\/\/www.toque-musicall.com\/index.php?rest_route=\/wp\/v2\/posts"}],"about":[{"href":"https:\/\/www.toque-musicall.com\/index.php?rest_route=\/wp\/v2\/types\/post"}],"author":[{"embeddable":true,"href":"https:\/\/www.toque-musicall.com\/index.php?rest_route=\/wp\/v2\/users\/1"}],"replies":[{"embeddable":true,"href":"https:\/\/www.toque-musicall.com\/index.php?rest_route=%2Fwp%2Fv2%2Fcomments&post=410"}],"version-history":[{"count":0,"href":"https:\/\/www.toque-musicall.com\/index.php?rest_route=\/wp\/v2\/posts\/410\/revisions"}],"wp:attachment":[{"href":"https:\/\/www.toque-musicall.com\/index.php?rest_route=%2Fwp%2Fv2%2Fmedia&parent=410"}],"wp:term":[{"taxonomy":"category","embeddable":true,"href":"https:\/\/www.toque-musicall.com\/index.php?rest_route=%2Fwp%2Fv2%2Fcategories&post=410"},{"taxonomy":"post_tag","embeddable":true,"href":"https:\/\/www.toque-musicall.com\/index.php?rest_route=%2Fwp%2Fv2%2Ftags&post=410"}],"curies":[{"name":"wp","href":"https:\/\/api.w.org\/{rel}","templated":true}]}}