{"id":4108,"date":"2014-04-04T20:01:55","date_gmt":"2014-04-04T23:01:55","guid":{"rendered":"http:\/\/www.toque-musicall.com\/?p=4108"},"modified":"2014-04-04T20:01:55","modified_gmt":"2014-04-04T23:01:55","slug":"joao-gilberto-el-concierto-del-dia-seguinte-madrid-1985-2014","status":"publish","type":"post","link":"https:\/\/www.toque-musicall.com\/?p=4108","title":{"rendered":"Jo\u00e3o Gilberto &#8211; El Concierto Del Dia Seguinte &#8211; Madrid 1985 (2014)"},"content":{"rendered":"<p><img loading=\"lazy\" decoding=\"async\" class=\"aligncenter\" alt=\"\" src=\"http:\/\/4.bp.blogspot.com\/-kTxnBOZoy90\/Uz84CYiuVxI\/AAAAAAAAI1c\/Tsps5e9-5ME\/s1600\/folder.jpg\" width=\"1000\" height=\"1000\" \/><img loading=\"lazy\" decoding=\"async\" class=\"aligncenter\" alt=\"\" src=\"http:\/\/1.bp.blogspot.com\/-SG219zqEW54\/Uz835bYQKxI\/AAAAAAAAI1U\/lrL_CI1wSNA\/s1600\/int2.JPG\" width=\"1000\" height=\"1000\" \/><img loading=\"lazy\" decoding=\"async\" class=\"aligncenter\" alt=\"\" src=\"http:\/\/2.bp.blogspot.com\/-LcIALru4Aac\/Uz83x2bvYTI\/AAAAAAAAI1M\/MhVc_RB_36c\/s1600\/contracapap.JPG\" width=\"1000\" height=\"1000\" \/><\/p>\n<div>Ol\u00e1 amigos cultos e ocultos! Como havia dito, esta \u00e9 uma semana de surpresas e exclusividades, que fazem do Toque Musical um espa\u00e7o \u00fanico e sem igual (ups, at\u00e9 rimou). Para a nossa sexta feira eu estou trazendo uma outra produ\u00e7\u00e3o da casa. Mais um bom registro do nosso querido Jo\u00e3o Gilberto, que com toda certeza vai fazer sucesso por aqui.<\/div>\n<div>H\u00e1 algum tempo atr\u00e1s, conversando com um amigo espanhol, ele me contou sobre a primeira vez que o Jo\u00e3o Gilberto se apresentou na Espanha. Me disse que um amigo seu havia gravado todo show e por conting\u00eancias do destino, ele foi quem acabou ficando com a fita. Uma pepita de ouro para ele. Um registro hist\u00f3rico guardado a sete chaves. Eu, na \u00e9poca dessa conversa bem que tentei convenc\u00ea-lo a liberar o \u00e1udio para o Toque Musical, mas ele foi irredut\u00edvel. Mas, como dizem, o que \u00e9 do homem o bicho n\u00e3o come. Foi s\u00f3 esperar e eis que agora me chegou todo o material. Atrav\u00e9s de uma boa dica de um dos nossos amigos, consegui puxar pelo Torrent o comentado primeiro concerto de Jo\u00e3o Gilberto na Espanha. Acredito que este arquivo sonoro n\u00e3o seja o mesmo deste amigo espanhol. Provavelmente haviam outros tamb\u00e9m fazendo o &#8216;piratex&#8217;. O arquivo que baixei no Torrent veio com um \u00e1udio baixo, com as m\u00fasicas separadas de maneira tosca, desmembradas de um \u00e1udio linear, um programa da Radio Nacional de Espa\u00f1a\/Radio 3, segundo informa\u00e7\u00e3o do texto em anexo, veiculado em 2010. Certamente, desde ent\u00e3o, muita gente pode ter gravado este programa. E agora ele est\u00e1 aqui. Eu recuperei o \u00e1udio, dando um ganho substancial. Criei a arte e capinha, pois afinal a coisa aqui tem que ter uma boa apresenta\u00e7\u00e3o. N\u00e3o sei se vou agradar, mas acho que a capa ficou bonitinha.<\/div>\n<div>Para uma melhor compreens\u00e3o do que foi este show em Madrid, reproduzo a baixo o texto do &#8220;Anonymous&#8221;:<\/div>\n<div><i>Show realizado em 19 de julho de 1985, Jo\u00e3o contava 54 anos de idade. Na noite anterior, portanto aos 18 de julho daquele ano, Jo\u00e3o havia executado sua m\u00edtica apresenta\u00e7\u00e3o no festival de Montreux, que virou o primeiro disco ao vivo de sua carreira. Organizado pela prefeitura de Madrid, o show fazia parte da programa\u00e7\u00e3o de &#8220;Los Veranos de la Villa&#8221;, onde constavam duas noites dedicadas \u00e0 Bossa Nova. Na programa\u00e7\u00e3o estavam agendados Ant\u00f4nio Carlos Jobim &amp;amp; Banda Nova para o dia 19\/07 e Jo\u00e3o Gilberto para o dia 20\/07. Tom j\u00e1 estava na Espanha, onde se apresentou no IX Festival de Jazz de Vit\u00f3ria-Gasteiz no dia 17\/07. Contudo, Jo\u00e3o e sua equipe solicitaram \u00e0 organiza\u00e7\u00e3o do evento que invertesse as datas de apresenta\u00e7\u00e3o \u2013 muito possivelmente por motivos de sa\u00fade, uma vez que \u00e9 poss\u00edvel perceber nessa grava\u00e7\u00e3o que Jo\u00e3o come\u00e7ava a transparecer um in\u00edcio de gripe, tossindo entre as can\u00e7\u00f5es. Com as entradas esgotadas para os dois dias, os organizadores atenderam ao pedido do artista e trocaram as datas. Assim, quem havia comprado entradas para ver Tom acabou assistindo Jo\u00e3o e vice-versa. Foram quase 1h30min de espera no sufocante ver\u00e3o de Madrid, e o p\u00fablico recebeu Jo\u00e3o &#8220;en el recinto castrense del Patio Central del Conde Duque de Madrid&#8221; com uma algazarra entre o al\u00edvio e a indigna\u00e7\u00e3o. \u00c9 poss\u00edvel que tenha sido seu primeiro concerto na Espanha. Vestia a mesma roupa que usara na noite anterior na Su\u00ed\u00e7a (palet\u00f3 cinza de padronagem xadrez, cal\u00e7a bege e t\u00eanis branco). Manteve praticamente o mesmo repert\u00f3rio e a mesma m\u00e1xima pot\u00eancia hipn\u00f3tica, ainda assim percebe-se um show sensivelmente distinto do anterior, capaz de revelar, no cotejo entre as apresenta\u00e7\u00f5es, informa\u00e7\u00f5es preciosas acerca do bruxo de Juazeiro. Para al\u00e9m das can\u00e7\u00f5es inclu\u00eddas no disco de Montreux, podemos escutar nessa grava\u00e7\u00e3o de Madrid as can\u00e7\u00f5es &#8220;Wave&#8221;, &#8220;Chega de saudade&#8221;, &#8220;Eclipse&#8221;, &#8220;Doralice&#8221; e &#8220;Aos p\u00e9s da cruz&#8221;. O destaque fica para &#8220;Voc\u00ea j\u00e1 foi \u00e0 Bahia?&#8221;, escrita por Dorival Caymmi e in\u00e9dita em toda a discografia oficial ou mesmo dentre as grava\u00e7\u00f5es piratas dispon\u00edveis na red<a href=\"http:\/\/depositfiles.org\/files\/iedvqglrr\" target=\"_blank\">e<\/a>.<\/i><\/div>\n<div><\/div>\n<div>\n<div style=\"text-align: center;\">tim tim por tim tim<\/div>\n<\/div>\n<div style=\"text-align: center;\">\n<div>voc\u00ea j\u00e1 foi a bahia?<\/div>\n<\/div>\n<div style=\"text-align: center;\">\n<div>rosa morena<\/div>\n<\/div>\n<div style=\"text-align: center;\">\n<div>sem compromisso<\/div>\n<\/div>\n<div style=\"text-align: center;\">\n<div>wave<\/div>\n<\/div>\n<div style=\"text-align: center;\">\n<div>retrato em branco e preto<\/div>\n<\/div>\n<div style=\"text-align: center;\">\n<div>pra que discutir com madame<\/div>\n<\/div>\n<div style=\"text-align: center;\">\n<div>desafinado<\/div>\n<\/div>\n<div style=\"text-align: center;\">\n<div>chega de saudade<\/div>\n<\/div>\n<div style=\"text-align: center;\">\n<div>garota de ipanema<\/div>\n<\/div>\n<div style=\"text-align: center;\">\n<div>o pato<\/div>\n<\/div>\n<div style=\"text-align: center;\">\n<div>eclipse<\/div>\n<\/div>\n<div style=\"text-align: center;\">\n<div>adeus am\u00e9rica<\/div>\n<\/div>\n<div style=\"text-align: center;\">\n<div>a felicidade<\/div>\n<\/div>\n<div style=\"text-align: center;\">\n<div>estate<\/div>\n<\/div>\n<div style=\"text-align: center;\">\n<div>isto aqui o que \u00e9<\/div>\n<\/div>\n<div style=\"text-align: center;\">\n<div>doralice<\/div>\n<\/div>\n<div style=\"text-align: center;\">\n<div>menino do rio<\/div>\n<\/div>\n<div style=\"text-align: center;\">\n<div>aos p\u00e9s da cruz<\/div>\n<\/div>\n<div style=\"text-align: center;\">\n<div>preconceito<\/div>\n<\/div>\n<div style=\"text-align: center;\">\n<div>aquarela do brasil<\/div>\n<\/div>\n<div style=\"text-align: center;\">\n<div><\/div>\n<\/div>\n<div>\n<div style=\"text-align: center;\">.<\/div>\n<div style=\"text-align: center;\"><\/div>\n<\/div>\n","protected":false},"excerpt":{"rendered":"<p>Ol\u00e1 amigos cultos e ocultos! Como havia dito, esta \u00e9 uma semana de surpresas e exclusividades, que fazem do Toque Musical um espa\u00e7o \u00fanico e sem igual (ups, at\u00e9 rimou). Para a nossa sexta feira eu estou trazendo uma outra &hellip; <a href=\"https:\/\/www.toque-musicall.com\/?p=4108\">Continue lendo <span class=\"meta-nav\">&rarr;<\/span><\/a><\/p>\n","protected":false},"author":1,"featured_media":0,"comment_status":"open","ping_status":"closed","sticky":false,"template":"","format":"standard","meta":{"footnotes":""},"categories":[180,11,292],"tags":[],"class_list":["post-4108","post","type-post","status-publish","format-standard","hentry","category-bootleg","category-exclusivos-do-toque-musical","category-joao-gilberto"],"_links":{"self":[{"href":"https:\/\/www.toque-musicall.com\/index.php?rest_route=\/wp\/v2\/posts\/4108","targetHints":{"allow":["GET"]}}],"collection":[{"href":"https:\/\/www.toque-musicall.com\/index.php?rest_route=\/wp\/v2\/posts"}],"about":[{"href":"https:\/\/www.toque-musicall.com\/index.php?rest_route=\/wp\/v2\/types\/post"}],"author":[{"embeddable":true,"href":"https:\/\/www.toque-musicall.com\/index.php?rest_route=\/wp\/v2\/users\/1"}],"replies":[{"embeddable":true,"href":"https:\/\/www.toque-musicall.com\/index.php?rest_route=%2Fwp%2Fv2%2Fcomments&post=4108"}],"version-history":[{"count":1,"href":"https:\/\/www.toque-musicall.com\/index.php?rest_route=\/wp\/v2\/posts\/4108\/revisions"}],"predecessor-version":[{"id":4112,"href":"https:\/\/www.toque-musicall.com\/index.php?rest_route=\/wp\/v2\/posts\/4108\/revisions\/4112"}],"wp:attachment":[{"href":"https:\/\/www.toque-musicall.com\/index.php?rest_route=%2Fwp%2Fv2%2Fmedia&parent=4108"}],"wp:term":[{"taxonomy":"category","embeddable":true,"href":"https:\/\/www.toque-musicall.com\/index.php?rest_route=%2Fwp%2Fv2%2Fcategories&post=4108"},{"taxonomy":"post_tag","embeddable":true,"href":"https:\/\/www.toque-musicall.com\/index.php?rest_route=%2Fwp%2Fv2%2Ftags&post=4108"}],"curies":[{"name":"wp","href":"https:\/\/api.w.org\/{rel}","templated":true}]}}