{"id":411,"date":"2011-06-29T00:46:00","date_gmt":"2011-06-29T00:46:00","guid":{"rendered":"http:\/\/www.toque-musicall.com\/?p=411"},"modified":"2011-06-29T00:46:00","modified_gmt":"2011-06-29T00:46:00","slug":"santa-cruz-sonhos-1981","status":"publish","type":"post","link":"https:\/\/www.toque-musicall.com\/?p=411","title":{"rendered":"Santa Cruz &#8211; Sonhos (1981)"},"content":{"rendered":"<div style=\"clear: both; text-align: center;\"><a href=\"http:\/\/4.bp.blogspot.com\/-S1y_wXEk__c\/TgpRejUMsPI\/AAAAAAAAIKQ\/STGkOgAZo74\/s1600\/santa+P.JPG\" style=\"margin-left: 1em; margin-right: 1em;\"><img loading=\"lazy\" decoding=\"async\" border=\"0\" height=\"400\" src=\"http:\/\/4.bp.blogspot.com\/-S1y_wXEk__c\/TgpRejUMsPI\/AAAAAAAAIKQ\/STGkOgAZo74\/s400\/santa+P.JPG\" width=\"397\" \/><\/a><\/div>\n<p>Boa noite, prezados amigos cultos e ocultos. Queria fazer desta semana algo especial, mas devo confessar que meu tempo \u00e9 aquela coisa que voc\u00eas todos j\u00e1 sabem curto e corrido. \u00c9 nas brechas e pausas que o toque di\u00e1rio vai saindo. Queria ter feito uma programa\u00e7\u00e3o mais interessante, apontando para alguns \u00e1lbuns especiais que eu at\u00e9 j\u00e1 havia planejado, mas ainda n\u00e3o tive como dar aquele trato neles. Sendo assim, sem querer desfazer da qualidade dos que os substituem, estou trazendo outras curiosidades.<br \/>Hoje vamos como o grupo Santa Cruz, que eu s\u00f3 conhecia de nome e do &#8216;ouvi falar&#8217;, l\u00e1 pelos anos 80. Me lembro de ter ouvido no r\u00e1dio, em Sampa, na casa de um amigo, a m\u00fasica &#8220;A dan\u00e7a n\u00e3o pode parar&#8221;, do Renato Teixeira. Fiquei curioso com a interpreta\u00e7\u00e3o, mas fiquei sem saber de quem se tratava. Passados mais de vinte e tantos anos vim a encontrar a m\u00fasica novamente. Ali\u00e1s, n\u00e3o faz muito tempo que o disco caiu na minha m\u00e3o.<br \/>O grupo se chama Santa Cruz. Para quem \u00e9 de S\u00e3o Paulo, talvez o nome seja mais familiar, pois ao que parece, eles se formaram por l\u00e1. Ao que tudo indica tamb\u00e9m, trata-se de um conjunto de baile. Possivelmente j\u00e1 deve ter animado muito baile pelo interior paulista.<br \/>O disco &#8220;Sonhos&#8221; foi lan\u00e7ado pelo selo RCA, em 1980. Foi produzido pelo Osmar Zan, que al\u00e9m de um m\u00fasico muito atuante no passado, foi tamb\u00e9m um pescador de talentos. Lan\u00e7ou muita gente por ai.<br \/>O Santa Cruz era formado por quatro rapazes, os quais constam com seus nomes na contracapa de maneira n\u00e3o muito convencional, ou despretenciosa. Todos na intimidade do primeiro nome e no diminutivo: Edinho, Tacilinho, Julinho e Chiquinho. Parece at\u00e9 nome de sobrinhos. Vai ver, o Mario Zan era o tio (hehehe&#8230;)<br \/>Mas \u00a0independente desse detalhe, os caras mandavam bem. Fazem aqui um trabalho profissional, mesmo que aparentemente sem grandes novidades ou express\u00e3o. Vale uma conferida, uma lembran\u00e7a, quem sabe&#8230; \ud83d\ude42<\/p>\n<div style=\"text-align: center;\">quantas s\u00e3o<\/div>\n<div style=\"text-align: center;\">cais do porto<\/div>\n<div style=\"text-align: center;\">primavera<\/div>\n<div style=\"text-align: center;\">a dan\u00e7a n\u00e3o pode parar<\/div>\n<div style=\"text-align: center;\">tema de santa cruz<\/div>\n<div style=\"text-align: center;\">s\u00f3 o amor constr\u00f3i<\/div>\n<div style=\"text-align: center;\">sonhos<\/div>\n<div style=\"text-align: center;\">pelos caminhos da vida<\/div>\n<div style=\"text-align: center;\">esperan\u00e7as<\/div>\n","protected":false},"excerpt":{"rendered":"<p>Boa noite, prezados amigos cultos e ocultos. Queria fazer desta semana algo especial, mas devo confessar que meu tempo \u00e9 aquela coisa que voc\u00eas todos j\u00e1 sabem curto e corrido. \u00c9 nas brechas e pausas que o toque di\u00e1rio vai &hellip; <a href=\"https:\/\/www.toque-musicall.com\/?p=411\">Continue lendo <span class=\"meta-nav\">&rarr;<\/span><\/a><\/p>\n","protected":false},"author":1,"featured_media":0,"comment_status":"open","ping_status":"closed","sticky":false,"template":"","format":"standard","meta":{"footnotes":""},"categories":[662,18],"tags":[],"class_list":["post-411","post","type-post","status-publish","format-standard","hentry","category-santa-cruz","category-selo-rca"],"_links":{"self":[{"href":"https:\/\/www.toque-musicall.com\/index.php?rest_route=\/wp\/v2\/posts\/411","targetHints":{"allow":["GET"]}}],"collection":[{"href":"https:\/\/www.toque-musicall.com\/index.php?rest_route=\/wp\/v2\/posts"}],"about":[{"href":"https:\/\/www.toque-musicall.com\/index.php?rest_route=\/wp\/v2\/types\/post"}],"author":[{"embeddable":true,"href":"https:\/\/www.toque-musicall.com\/index.php?rest_route=\/wp\/v2\/users\/1"}],"replies":[{"embeddable":true,"href":"https:\/\/www.toque-musicall.com\/index.php?rest_route=%2Fwp%2Fv2%2Fcomments&post=411"}],"version-history":[{"count":0,"href":"https:\/\/www.toque-musicall.com\/index.php?rest_route=\/wp\/v2\/posts\/411\/revisions"}],"wp:attachment":[{"href":"https:\/\/www.toque-musicall.com\/index.php?rest_route=%2Fwp%2Fv2%2Fmedia&parent=411"}],"wp:term":[{"taxonomy":"category","embeddable":true,"href":"https:\/\/www.toque-musicall.com\/index.php?rest_route=%2Fwp%2Fv2%2Fcategories&post=411"},{"taxonomy":"post_tag","embeddable":true,"href":"https:\/\/www.toque-musicall.com\/index.php?rest_route=%2Fwp%2Fv2%2Ftags&post=411"}],"curies":[{"name":"wp","href":"https:\/\/api.w.org\/{rel}","templated":true}]}}