{"id":4113,"date":"2014-04-06T23:34:41","date_gmt":"2014-04-07T02:34:41","guid":{"rendered":"http:\/\/www.toque-musicall.com\/?p=4113"},"modified":"2014-04-07T20:37:07","modified_gmt":"2014-04-07T23:37:07","slug":"coral-ars-nova-missa-em-aboio-1966","status":"publish","type":"post","link":"https:\/\/www.toque-musicall.com\/?p=4113","title":{"rendered":"Coral Ars Nova &#8211; Missa Em Aboio (1966)"},"content":{"rendered":"<p><img loading=\"lazy\" decoding=\"async\" class=\"aligncenter\" alt=\"\" src=\"http:\/\/2.bp.blogspot.com\/-csRTndbIGKw\/U0MvBgDMIsI\/AAAAAAAAI14\/fmQKikDo1OA\/s1600\/folder.jpg\" width=\"1580\" height=\"1600\" \/><img loading=\"lazy\" decoding=\"async\" class=\"aligncenter\" alt=\"\" src=\"http:\/\/1.bp.blogspot.com\/-JZhNEHSSgBI\/U0Mu43Za6MI\/AAAAAAAAI1w\/cOIbjszAp-0\/s1600\/contraARsp.JPG\" width=\"1000\" height=\"1007\" \/><\/p>\n<p>Boa noite, meus prezados amigos cultos e ocultos. Para fecharmos a semana, aqui vai um lp excelente para se ouvir num fim de noite, principalmente deste domingo. Temos aqui um dos mais importantes corais brasileiros, o Ars Nova, formado na Escola de M\u00fasica de UFMG no final dos anos 50. O nome Ars Nova veio em 64, foi sugerido pelo maestro e compositor Carlos Alberto Pinto Fonseca, regente do coral at\u00e9 2003. \u00c9 o grupo coral brasileiro mais premiado e conhecido internacionalmente.<br \/>\n&#8220;Missa em aboio&#8221; foi o primeiro disco lan\u00e7ado por eles. O \u00e1lbum saiu pelo selo Festa em 1966. No repert\u00f3rio o Ars Nova nos apresenta uma obra sacra, do compositor nordestino Pedro Marinho e que d\u00e1 nome a disco, &#8220;Missa em Ab\u00f4io&#8221;. Dividido em faixas &#8211; Kyrie, Gl\u00f3ria, Credo, Sanctus, Benedictus e Agnus Dei &#8211; esta obra ocupa todo o lado A. O lado B apresenta composi\u00e7\u00f5es do maestro Carlos Alberto Pinto Fonsec<a href=\"http:\/\/depositfiles.org\/files\/7lxkzqiwf\" target=\"_blank\">a<\/a>.<\/p>\n<div style=\"text-align: center;\">missa em aboio<\/div>\n<div style=\"text-align: center;\">mui\u00e9 rend\u00eara<\/div>\n<div style=\"text-align: center;\">caf\u00e9 de s\u00e1 chiquinha<\/div>\n<div style=\"text-align: center;\">ponto de oxum-iemanj\u00e1<\/div>\n<div style=\"text-align: center;\">galo garniz\u00e9<\/div>\n<div style=\"text-align: center;\">\u00e9 a ti flor do c\u00e9u<\/div>\n<div style=\"text-align: center;\">jubiab\u00e1<\/div>\n<div style=\"text-align: center;\"><\/div>\n<div style=\"text-align: center;\">.<\/div>\n","protected":false},"excerpt":{"rendered":"<p>Boa noite, meus prezados amigos cultos e ocultos. Para fecharmos a semana, aqui vai um lp excelente para se ouvir num fim de noite, principalmente deste domingo. Temos aqui um dos mais importantes corais brasileiros, o Ars Nova, formado na &hellip; <a href=\"https:\/\/www.toque-musicall.com\/?p=4113\">Continue lendo <span class=\"meta-nav\">&rarr;<\/span><\/a><\/p>\n","protected":false},"author":1,"featured_media":0,"comment_status":"open","ping_status":"closed","sticky":false,"template":"","format":"standard","meta":{"footnotes":""},"categories":[2369,517],"tags":[],"class_list":["post-4113","post","type-post","status-publish","format-standard","hentry","category-coral-ars-nova","category-selo-festa"],"_links":{"self":[{"href":"https:\/\/www.toque-musicall.com\/index.php?rest_route=\/wp\/v2\/posts\/4113","targetHints":{"allow":["GET"]}}],"collection":[{"href":"https:\/\/www.toque-musicall.com\/index.php?rest_route=\/wp\/v2\/posts"}],"about":[{"href":"https:\/\/www.toque-musicall.com\/index.php?rest_route=\/wp\/v2\/types\/post"}],"author":[{"embeddable":true,"href":"https:\/\/www.toque-musicall.com\/index.php?rest_route=\/wp\/v2\/users\/1"}],"replies":[{"embeddable":true,"href":"https:\/\/www.toque-musicall.com\/index.php?rest_route=%2Fwp%2Fv2%2Fcomments&post=4113"}],"version-history":[{"count":1,"href":"https:\/\/www.toque-musicall.com\/index.php?rest_route=\/wp\/v2\/posts\/4113\/revisions"}],"predecessor-version":[{"id":4116,"href":"https:\/\/www.toque-musicall.com\/index.php?rest_route=\/wp\/v2\/posts\/4113\/revisions\/4116"}],"wp:attachment":[{"href":"https:\/\/www.toque-musicall.com\/index.php?rest_route=%2Fwp%2Fv2%2Fmedia&parent=4113"}],"wp:term":[{"taxonomy":"category","embeddable":true,"href":"https:\/\/www.toque-musicall.com\/index.php?rest_route=%2Fwp%2Fv2%2Fcategories&post=4113"},{"taxonomy":"post_tag","embeddable":true,"href":"https:\/\/www.toque-musicall.com\/index.php?rest_route=%2Fwp%2Fv2%2Ftags&post=4113"}],"curies":[{"name":"wp","href":"https:\/\/api.w.org\/{rel}","templated":true}]}}