{"id":4118,"date":"2014-04-07T17:47:29","date_gmt":"2014-04-07T20:47:29","guid":{"rendered":"http:\/\/www.toque-musicall.com\/?p=4118"},"modified":"2014-04-08T07:53:07","modified_gmt":"2014-04-08T10:53:07","slug":"a-musica-de-buci-moreira-parte-2-selecao-78-rpm-do-toque-musical-vol-97-2014","status":"publish","type":"post","link":"https:\/\/www.toque-musicall.com\/?p=4118","title":{"rendered":"A M\u00fasica De Buci Moreira (parte 2) &#8211; Sele\u00e7\u00e3o 78 RPM Do Toque Musical Vol. 97 (2014)"},"content":{"rendered":"<p><img loading=\"lazy\" decoding=\"async\" class=\"aligncenter\" style=\"color: inherit; font: normal normal normal 15px\/normal 'Helvetica Neue', Helvetica, Arial, sans-serif; font-style: inherit; font-weight: inherit; line-height: 1.625; border-style: solid; border-color: #dddddd; cursor: default; margin-top: 0.4em; display: block; margin-left: auto; margin-right: auto; clear: both; margin-bottom: 1.625em; border-width: 1px; padding: 6px;\" alt=\"\" src=\"http:\/\/1.bp.blogspot.com\/-VIedWz3x08A\/U0PSaklCTBI\/AAAAAAAAI3I\/OGt04PwIH1E\/s1600\/CAPAp.JPG\" width=\"1000\" height=\"1000\" \/><img loading=\"lazy\" decoding=\"async\" class=\"aligncenter\" alt=\"\" src=\"http:\/\/1.bp.blogspot.com\/-Hu06-asbscE\/U0PSNdyDGGI\/AAAAAAAAI24\/T1n5440zfRk\/s1600\/CONTRACAPAp.JPG\" width=\"1000\" height=\"1000\" \/><\/p>\n<div>E a\u00ed vai para todos os nossos amigos cultos, ocultos e associados, mais uma edi\u00e7\u00e3o do Grand Record Brasil, a de n\u00famero 97, apresentando a segunda e \u00faltima parte da retrospectiva dedicada ao compositor Buci Moreira (1909-1982), oferecendo mais dez grava\u00e7\u00f5es hist\u00f3ricas com suas m\u00fasicas. Abrimos esta segunda parte com Carlos Galhardo, interpretando o samba \u201cLoucura\u201d, parceria de Buci com Oswaldo Lira e A. F. Concei\u00e7\u00e3o, gravado na RCA Victor em 17 de outubro de 1955 e lan\u00e7ado em janeiro de 56, destinando-se evidentemente ao carnaval, sob n.o 80-1539-B, matriz BE5VB-0896. \u201cO cantor que dispensa adjetivos\u201d tamb\u00e9m est\u00e1 na faixa 8, \u201cAdoro o samba\u201d, em que Buci Moreira tem como parceiro (ali\u00e1s, um de seus mais constantes) Arn\u00f4 Canegal, grava\u00e7\u00e3o Victor de 26 de agosto de 1941, lan\u00e7ada em novembro do mesmo ano sob n.o\u00a0\u00a034830-B, matriz S-052344. Prosseguindo, na faixa 2, temos o grande flautista Benedito Lacerda, \u00e0 frente de seu grupo Gente do Morro, e tamb\u00e9m cantando, no samba \u201cPreto d\u2019alma branca\u201d, s\u00f3 de Buci Moreira, que mostra a banalidade do preconceito racial. Foi lan\u00e7ado pela Brunswick (marca americana de curta dura\u00e7\u00e3o no Brasil) em janeiro de 1931, por certo tamb\u00e9m visando o carnaval, com o n.o 10128-A, matriz 528. Em seguida\u00a0\u00a0vem o misterioso H. G. Americano, int\u00e9rprete de curta carreira fonogr\u00e1fica (apenas seis discos com dez grava\u00e7\u00f5es, em 1929\/30), com o samba \u201cMulher soberba\u201d, em que Buci tem como parceiro Oswaldo Santiago, lan\u00e7ado pela Odeon em agosto de 1930 com o n.o 10657-B. Depois, Francisco Alves nos traz outro samba, \u201cEm uma linda tarde\u201d, parceria de Buci Moreira com Nasinho (apelido de Norival Reis), grava\u00e7\u00e3o Victor de 16 de abril de 1935, lan\u00e7ada em julho seguinte com o n.o 33946-A, matriz 79877, com acompanhamento da orquestra Diabos do C\u00e9u, do mestre Pixinguinha. O ga\u00facho Alcides Gerardi vem com \u201cProtesto\u201d, samba em que Buci tem como parceiro Felisberto Martins, ent\u00e3o diretor art\u00edstico da Odeon, onde o cantor o gravou em 9 de junho de 1952, com lan\u00e7amento em setembro do mesmo ano, disco 13318-B, matriz 9332. Henric\u00e3o (Henrique Felipe da Costa, 1908-1984), tamb\u00e9m compositor de renome, aqui comparece com o samba \u201cPra que tanto ci\u00fame?\u201d, de Buci Moreira em parceria com Lacy Martins (irm\u00e3o de Herivelto), gravado na mesma Odeon em 10 de dezembro de 1937 e lan\u00e7ado em janeiro de 38, com vistas ao carnaval, disco 11565-A, matriz 5731. Pioneiro da m\u00fasica country no Brasil, Bob N\u00e9lson (N\u00e9lson Roberto Perez, Campinas, SP, 1918-Rio de Janeiro, 2009), devidamente acompanhado de seus \u201crancheiros\u201d (entre eles nada mais nada menos que Luiz Gonzaga \u00e0 sanfona), apresenta a marchinha \u201cCompanheiro de ca\u00e7ada\u201d, em que o parceiro de Buci Moreira \u00e9 o ator Macedo Neto, que atuou no r\u00e1dio e na televis\u00e3o e foi inclusive marido de Dolores Duran. Foi gravada na RCA Victor em 26 de outubro de 1949, e lan\u00e7ada em janeiro de 50 (para o carnaval, claro) sob n.o 80-0634-A, matriz S-078961. O eterno \u201cmetralha do gog\u00f3 de ouro\u201d, N\u00e9lson Gon\u00e7alves (1919-1998) nos traz o samba \u201cPerfeitamente\u201d, do trio Buci Moreira-Arn\u00f4 Canegal-Carlos de Souza, grava\u00e7\u00e3o Victor de 7 de abril de 1943, lan\u00e7ada em junho seguinte sob n.o 80-0086-B, matriz S-052749. Tem versos algo confusos, mas merece ser ouvido.\u00a0\u00a0E, para encerrar com chave de ouro, volta Francisco Alves, agora junto com o Trio de Ouro em sua primeira forma\u00e7\u00e3o (Dalva de Oliveira, Herivelto Martins e Nilo Chagas), com o samba \u201cN\u00e3o \u00e9 assim que se procede\u201d, do quarteto Bucy Moreira-Arn\u00f4 Canegal-Raul Marques-Henrique de Almeida, do carnaval de 1945, grava\u00e7\u00e3o Odeon de 13 de dezembro de 44 lan\u00e7ada bem em cima da folia, em fevereiro, disco 12550-B, matriz 7735. O pr\u00f3prio Herivelto comanda o acompanhamento, a cargo de sua escola de samba, e no final da grava\u00e7\u00e3o comete um erro crasso dizendo \u201cN\u00e3o \u00e9 assim que se PORCEDE\u201d! Isso, por\u00e9m, \u00e9 apenas \u00e9 um detalhe. E assim apresentamos a segunda e \u00faltima parte da retrospectiva do GRB dedicada a Buci Moreira. At\u00e9 a pr\u00f3xima e muito obrigado pela aten\u00e7\u00e3o e carinh<a href=\"http:\/\/depositfiles.org\/files\/ub21a2a4s\" target=\"_blank\">o<\/a>!<\/div>\n<div><\/div>\n<div>*Texto de Samuel Machado Filho<\/div>\n","protected":false},"excerpt":{"rendered":"<p>E a\u00ed vai para todos os nossos amigos cultos, ocultos e associados, mais uma edi\u00e7\u00e3o do Grand Record Brasil, a de n\u00famero 97, apresentando a segunda e \u00faltima parte da retrospectiva dedicada ao compositor Buci Moreira (1909-1982), oferecendo mais dez &hellip; <a href=\"https:\/\/www.toque-musicall.com\/?p=4118\">Continue lendo <span class=\"meta-nav\">&rarr;<\/span><\/a><\/p>\n","protected":false},"author":1,"featured_media":0,"comment_status":"open","ping_status":"closed","sticky":false,"template":"","format":"standard","meta":{"footnotes":""},"categories":[114,2032,138,11,115,2251,2371,13],"tags":[],"class_list":["post-4118","post","type-post","status-publish","format-standard","hentry","category-alcides-gerardi","category-benedito-lacerda","category-carlos-galhardo","category-exclusivos-do-toque-musical","category-francisco-alves","category-henricao","category-nelson-e-seus-rancheiros","category-selo-grand-record-brazil"],"_links":{"self":[{"href":"https:\/\/www.toque-musicall.com\/index.php?rest_route=\/wp\/v2\/posts\/4118","targetHints":{"allow":["GET"]}}],"collection":[{"href":"https:\/\/www.toque-musicall.com\/index.php?rest_route=\/wp\/v2\/posts"}],"about":[{"href":"https:\/\/www.toque-musicall.com\/index.php?rest_route=\/wp\/v2\/types\/post"}],"author":[{"embeddable":true,"href":"https:\/\/www.toque-musicall.com\/index.php?rest_route=\/wp\/v2\/users\/1"}],"replies":[{"embeddable":true,"href":"https:\/\/www.toque-musicall.com\/index.php?rest_route=%2Fwp%2Fv2%2Fcomments&post=4118"}],"version-history":[{"count":2,"href":"https:\/\/www.toque-musicall.com\/index.php?rest_route=\/wp\/v2\/posts\/4118\/revisions"}],"predecessor-version":[{"id":4122,"href":"https:\/\/www.toque-musicall.com\/index.php?rest_route=\/wp\/v2\/posts\/4118\/revisions\/4122"}],"wp:attachment":[{"href":"https:\/\/www.toque-musicall.com\/index.php?rest_route=%2Fwp%2Fv2%2Fmedia&parent=4118"}],"wp:term":[{"taxonomy":"category","embeddable":true,"href":"https:\/\/www.toque-musicall.com\/index.php?rest_route=%2Fwp%2Fv2%2Fcategories&post=4118"},{"taxonomy":"post_tag","embeddable":true,"href":"https:\/\/www.toque-musicall.com\/index.php?rest_route=%2Fwp%2Fv2%2Ftags&post=4118"}],"curies":[{"name":"wp","href":"https:\/\/api.w.org\/{rel}","templated":true}]}}