{"id":412,"date":"2011-06-28T03:15:00","date_gmt":"2011-06-28T03:15:00","guid":{"rendered":"http:\/\/www.toque-musicall.com\/?p=412"},"modified":"2011-06-28T03:15:00","modified_gmt":"2011-06-28T03:15:00","slug":"elcio-alvarez-e-sua-orquestra-compacto-twist-196","status":"publish","type":"post","link":"https:\/\/www.toque-musicall.com\/?p=412","title":{"rendered":"Elcio Alvarez E Sua Orquestra &#8211; Compacto Twist (196?)"},"content":{"rendered":"<div style=\"clear: both; text-align: center;\"><a href=\"http:\/\/1.bp.blogspot.com\/-690CT33bXo4\/Tgk_7i3Z3yI\/AAAAAAAAIKI\/07qMksjS5NY\/s1600\/elcio+P.JPG\" style=\"margin-left: 1em; margin-right: 1em;\"><img loading=\"lazy\" decoding=\"async\" border=\"0\" height=\"400\" src=\"http:\/\/1.bp.blogspot.com\/-690CT33bXo4\/Tgk_7i3Z3yI\/AAAAAAAAIKI\/07qMksjS5NY\/s400\/elcio+P.JPG\" width=\"392\" \/><\/a><\/div>\n<p>Conforme o combinado, aqui vai agora o compacto. Temos aqui e mais uma vez no Toque Musical, o maestro, compositor, arranjador e produtor <a href=\"http:\/\/toque-musicall.blogspot.com\/search\/label\/Elcio%20Alvarez\">Elcio Alvarez<\/a>, num compacto que eu acredito, seja de 1962. N\u00e3o tive tempo de procurar a informa\u00e7\u00e3o correta. Esqueci, inclusive, de incluir o selo da gravadora Cantagalo, por onde este compacto foi lan\u00e7ado. Mas n\u00e3o se preocupem, assim que eu tiver uma folga, coloco as coisas no lugar. J\u00e1 estou aqui babando de sono, por\u00e9m, vamos l\u00e1&#8230;<br \/>Repetindo o que j\u00e1 foi dito por mim anteriormente, Elcio esteve a frente (e por tr\u00e1s tamb\u00e9m) de muitos trabalhos e artistas durante os anos 50, 60 e 70. Era um dos mais requisitados arranjadores, um m\u00fasico, pricipalmente de est\u00fadio. Por ele passaram artistas dos mais variados estilos e talentos. Foi um importante maestro naquelas d\u00e9cadas.<br \/>Neste compacto duplo, ele nos apresenta quatro twists, o primo do rock, que naquela \u00e9poca era o furor da juventude. Um tipo de m\u00fasica que fez muito sucessso por aqui. Tivemos inclusive grande grupos como <a href=\"http:\/\/toque-musicall.blogspot.com\/2011\/01\/bells-proibido-para-maiores-de-18-1963.html\">The Bells,<\/a> <a href=\"http:\/\/toque-musicall.blogspot.com\/2010\/09\/jet-blacks-twist-1962.html\">The Jet Blacks<\/a>, <a href=\"http:\/\/toque-musicall.blogspot.com\/2007\/09\/clevers-encontro-com-clevers-twist-1963.html\">The Clevers<\/a> e outros que n\u00e3o me lembro agora. No compacto temos um twist mais, digamos, &#8216;caretinnha&#8217;, dentro do agrado n\u00e3o apenas dos filhos, mas tamb\u00e9m com a aprova\u00e7\u00e3o dos pais. S\u00e3o quatro temas, naturalmente internacionais e bem conhecidos por quem viveu aquele tempo da Labretta sem saia e sonhava em ser um James Dean. Confiram a\u00ed, porque o sono bateu com for\u00e7a. Zzzz&#8230;<\/p>\n<div style=\"text-align: center;\">kissin&#8217; twist<\/div>\n<div style=\"text-align: center;\">let&#8217;s twist again<\/div>\n<div style=\"text-align: center;\">the peppermint twist<\/div>\n<div style=\"text-align: center;\">pony time<\/div>\n","protected":false},"excerpt":{"rendered":"<p>Conforme o combinado, aqui vai agora o compacto. Temos aqui e mais uma vez no Toque Musical, o maestro, compositor, arranjador e produtor Elcio Alvarez, num compacto que eu acredito, seja de 1962. N\u00e3o tive tempo de procurar a informa\u00e7\u00e3o &hellip; <a href=\"https:\/\/www.toque-musicall.com\/?p=412\">Continue lendo <span class=\"meta-nav\">&rarr;<\/span><\/a><\/p>\n","protected":false},"author":1,"featured_media":0,"comment_status":"open","ping_status":"closed","sticky":false,"template":"","format":"standard","meta":{"footnotes":""},"categories":[664,663],"tags":[],"class_list":["post-412","post","type-post","status-publish","format-standard","hentry","category-elcio-alvarez","category-selo-cantagalo"],"_links":{"self":[{"href":"https:\/\/www.toque-musicall.com\/index.php?rest_route=\/wp\/v2\/posts\/412","targetHints":{"allow":["GET"]}}],"collection":[{"href":"https:\/\/www.toque-musicall.com\/index.php?rest_route=\/wp\/v2\/posts"}],"about":[{"href":"https:\/\/www.toque-musicall.com\/index.php?rest_route=\/wp\/v2\/types\/post"}],"author":[{"embeddable":true,"href":"https:\/\/www.toque-musicall.com\/index.php?rest_route=\/wp\/v2\/users\/1"}],"replies":[{"embeddable":true,"href":"https:\/\/www.toque-musicall.com\/index.php?rest_route=%2Fwp%2Fv2%2Fcomments&post=412"}],"version-history":[{"count":0,"href":"https:\/\/www.toque-musicall.com\/index.php?rest_route=\/wp\/v2\/posts\/412\/revisions"}],"wp:attachment":[{"href":"https:\/\/www.toque-musicall.com\/index.php?rest_route=%2Fwp%2Fv2%2Fmedia&parent=412"}],"wp:term":[{"taxonomy":"category","embeddable":true,"href":"https:\/\/www.toque-musicall.com\/index.php?rest_route=%2Fwp%2Fv2%2Fcategories&post=412"},{"taxonomy":"post_tag","embeddable":true,"href":"https:\/\/www.toque-musicall.com\/index.php?rest_route=%2Fwp%2Fv2%2Ftags&post=412"}],"curies":[{"name":"wp","href":"https:\/\/api.w.org\/{rel}","templated":true}]}}