{"id":4127,"date":"2014-04-09T23:31:35","date_gmt":"2014-04-10T02:31:35","guid":{"rendered":"http:\/\/www.toque-musicall.com\/?p=4127"},"modified":"2014-04-10T08:56:42","modified_gmt":"2014-04-10T11:56:42","slug":"marcio-montarroyos-carioca-1983","status":"publish","type":"post","link":"https:\/\/www.toque-musicall.com\/?p=4127","title":{"rendered":"M\u00e1rcio Montarroyos &#8211; Carioca (1983)"},"content":{"rendered":"<p><img loading=\"lazy\" decoding=\"async\" class=\"aligncenter\" alt=\"\" src=\"http:\/\/3.bp.blogspot.com\/-qEhbvowCo2U\/U0Z58UUWpYI\/AAAAAAAAI38\/AuZ3J4Mu6HM\/s1600\/capap.JPG\" width=\"1000\" height=\"986\" \/><img loading=\"lazy\" decoding=\"async\" class=\"aligncenter\" alt=\"\" src=\"http:\/\/3.bp.blogspot.com\/-FVj-gA-eN38\/U0Z53d0KSRI\/AAAAAAAAI30\/YlawWPZ2WxA\/s1600\/contrap.JPG\" width=\"1000\" height=\"987\" \/><\/p>\n<p>Ol\u00e1 amigos cultos e ocultos! Na brecha do meu tempo, aqui vai o disco do dia (ou da noite, se preferirem). Vamos com o saudoso trumpetista M\u00e1rcio Montarroyos, em disco lan\u00e7ado em 1983. Um \u00e1lbum nota dez para quem gosta de m\u00fasica moderna instrumental. Fazendo juz \u00e0 sua ilustre e talentosa figura, M\u00e1rcio vem acompanhado pela nata do momento, m\u00fasicos renomados, time de primeir\u00edssima! Djalma Corr\u00eaa, Leo Gandelman, Jamil Jones, Victor Biglione, Ivan Conti, Ricardo Silveira, Arthur Maia, Lincoln Olivetti, Celso Fonceca&#8230; putz, a turma \u00e9 grande, tem mais uns tantos&#8230; mas por a\u00ed j\u00e1 d\u00e1 para sentir o clima. O disco foi gravado no Rio de Janeiro e finalizado em Nova Yor<a href=\"http:\/\/depositfiles.org\/files\/yaj4plva5\" target=\"_blank\">k<\/a>.<\/p>\n<div style=\"text-align: center;\">introduction &#8211; quilombo dos palmares<\/div>\n<div style=\"text-align: center;\">aruanda<\/div>\n<div style=\"text-align: center;\">ocean dance<\/div>\n<div style=\"text-align: center;\">skydive<\/div>\n<div style=\"text-align: center;\">samba solstice<\/div>\n<div style=\"text-align: center;\">christina<\/div>\n<div style=\"text-align: center;\">carioca<\/div>\n<div style=\"text-align: center;\"><\/div>\n<div style=\"text-align: center;\">.<\/div>\n<div style=\"text-align: center;\"><\/div>\n","protected":false},"excerpt":{"rendered":"<p>Ol\u00e1 amigos cultos e ocultos! Na brecha do meu tempo, aqui vai o disco do dia (ou da noite, se preferirem). Vamos com o saudoso trumpetista M\u00e1rcio Montarroyos, em disco lan\u00e7ado em 1983. Um \u00e1lbum nota dez para quem gosta &hellip; <a href=\"https:\/\/www.toque-musicall.com\/?p=4127\">Continue lendo <span class=\"meta-nav\">&rarr;<\/span><\/a><\/p>\n","protected":false},"author":1,"featured_media":0,"comment_status":"open","ping_status":"closed","sticky":false,"template":"","format":"standard","meta":{"footnotes":""},"categories":[1199,178],"tags":[],"class_list":["post-4127","post","type-post","status-publish","format-standard","hentry","category-marcio-montarroyos","category-selo-cbs"],"_links":{"self":[{"href":"https:\/\/www.toque-musicall.com\/index.php?rest_route=\/wp\/v2\/posts\/4127","targetHints":{"allow":["GET"]}}],"collection":[{"href":"https:\/\/www.toque-musicall.com\/index.php?rest_route=\/wp\/v2\/posts"}],"about":[{"href":"https:\/\/www.toque-musicall.com\/index.php?rest_route=\/wp\/v2\/types\/post"}],"author":[{"embeddable":true,"href":"https:\/\/www.toque-musicall.com\/index.php?rest_route=\/wp\/v2\/users\/1"}],"replies":[{"embeddable":true,"href":"https:\/\/www.toque-musicall.com\/index.php?rest_route=%2Fwp%2Fv2%2Fcomments&post=4127"}],"version-history":[{"count":1,"href":"https:\/\/www.toque-musicall.com\/index.php?rest_route=\/wp\/v2\/posts\/4127\/revisions"}],"predecessor-version":[{"id":4130,"href":"https:\/\/www.toque-musicall.com\/index.php?rest_route=\/wp\/v2\/posts\/4127\/revisions\/4130"}],"wp:attachment":[{"href":"https:\/\/www.toque-musicall.com\/index.php?rest_route=%2Fwp%2Fv2%2Fmedia&parent=4127"}],"wp:term":[{"taxonomy":"category","embeddable":true,"href":"https:\/\/www.toque-musicall.com\/index.php?rest_route=%2Fwp%2Fv2%2Fcategories&post=4127"},{"taxonomy":"post_tag","embeddable":true,"href":"https:\/\/www.toque-musicall.com\/index.php?rest_route=%2Fwp%2Fv2%2Ftags&post=4127"}],"curies":[{"name":"wp","href":"https:\/\/api.w.org\/{rel}","templated":true}]}}