{"id":413,"date":"2011-06-28T01:11:00","date_gmt":"2011-06-28T01:11:00","guid":{"rendered":"http:\/\/www.toque-musicall.com\/?p=413"},"modified":"2011-06-28T01:11:00","modified_gmt":"2011-06-28T01:11:00","slug":"waldir-calmon-e-sua-orquestra-ritmos-do-caribe-1958","status":"publish","type":"post","link":"https:\/\/www.toque-musicall.com\/?p=413","title":{"rendered":"Waldir Calmon E Sua Orquestra &#8211; Ritmos Do Caribe (1958)"},"content":{"rendered":"<div style=\"clear: both; text-align: left;\"><a href=\"http:\/\/2.bp.blogspot.com\/-4mg2qW3-KTQ\/TgkZjdWD8-I\/AAAAAAAAIKA\/Db20pQokWPY\/s1600\/waldir+calmon+P.JPG\" style=\"clear: left; float: left; margin-bottom: 1em; margin-right: 1em; text-align: left;\"><img loading=\"lazy\" decoding=\"async\" border=\"0\" height=\"398\" src=\"http:\/\/2.bp.blogspot.com\/-4mg2qW3-KTQ\/TgkZjdWD8-I\/AAAAAAAAIKA\/Db20pQokWPY\/s400\/waldir+calmon+P.JPG\" width=\"400\" \/><\/a><\/div>\n<div style=\"clear: both; text-align: left;\">Boa noite! Hoje meu dia foi lotad\u00edssimo. Cheguei cansado, mas neste instante, ao abrir &#8216;a casa&#8217;, fiquei muito surpreso e feliz com tantos e-mails, mensagens e coment\u00e1rios. Ainda n\u00e3o tive tempo de ler todos, mas prometo respond\u00ea-los, sen\u00e3o, j\u00e1 o fa\u00e7o agora num simples, mas verdadeiro, muito obrigado. Ainda pelos pr\u00f3ximos dias estarei repetido os meus agradecimentos e no dia 30 a gente sopra as quatro velas e come o bolo, de chocolate que \u00e9 o mais gostoso :p~<\/div>\n<div style=\"clear: both; text-align: left;\">Na semana de anivers\u00e1rio eu come\u00e7o trazendo mais um disco do Waldir Calmon. Como todos j\u00e1 devem ter percebido eu gosto muito desse grande m\u00fasico, que eu aprendi a gostar da \u00e9poca em que nos cinemas, antes do filme principal a gente assistia maravilhado as not\u00edcias esportivas no Canal 100. Tinha aquela m\u00fasica, &#8220;Na cad\u00eancia do samba&#8221;, interpretada por Waldir Calmon e Sua Orquestra, que virou um cl\u00e1ssico, sendo tamb\u00e9m conhecida como &#8220;Que bonito \u00e9&#8221;. Por sinal, o disco com esta m\u00fasica tamb\u00e9m j\u00e1 foi postado aqui no Toque Musical.\u00a0<\/div>\n<div style=\"clear: both; text-align: left;\">Para a nossa segunda feira ficar quente, aqui vai um Waldir Calmon e sua orquestra, desfilando doze temas latinos, afrocubanos, ritmos do Caribe. Del\u00edcia este lp, tanto no seu conte\u00fado musical, como tamb\u00e9m na bel\u00edssima capa. Uma festa de ritmos que se apresenta a cada faixa. Tem calypso, bolero, mambo e cha-cha-cha e outras&#8230; M\u00fasicas para dan\u00e7ar, sozinho ou a dois. Para ouvir, agora ou depois (vixii&#8230;, at\u00e9 rimei!). Realmente, s\u00e3o temas cl\u00e1ssicos que nos conhecemos, mesmo quando nem sabemos os seus nomes. M\u00fasicas que est\u00e3o constantemente chegando aos nossos ouvidos, atrav\u00e9s do r\u00e1dio, do cinema, da televis\u00e3o e do nosso blog Toque Musical. E n\u00e3o \u00e9 de hoje!\u00a0Vamos conferir?<\/div>\n<div style=\"clear: both; text-align: left;\"><\/div>\n<div style=\"clear: both; text-align: center;\">macarena<\/div>\n<div style=\"clear: both; text-align: center;\">myna<\/div>\n<div style=\"clear: both; text-align: center;\">calypso<\/div>\n<div style=\"clear: both; text-align: center;\">el baile del pinguino<\/div>\n<div style=\"clear: both; text-align: center;\">the banana boat song<\/div>\n<div style=\"clear: both; text-align: center;\">concerto d&#8217;autunno<\/div>\n<div style=\"clear: both; text-align: center;\">no me platiques<\/div>\n<div style=\"clear: both; text-align: center;\">calculadora<\/div>\n<div style=\"clear: both; text-align: center;\">el reloj<\/div>\n<div style=\"clear: both; text-align: center;\">fantasia em mambo<\/div>\n<div style=\"clear: both; text-align: center;\">harlem noturno<\/div>\n<div style=\"clear: both; text-align: center;\">matilda, matilda<\/div>\n","protected":false},"excerpt":{"rendered":"<p>Boa noite! Hoje meu dia foi lotad\u00edssimo. Cheguei cansado, mas neste instante, ao abrir &#8216;a casa&#8217;, fiquei muito surpreso e feliz com tantos e-mails, mensagens e coment\u00e1rios. Ainda n\u00e3o tive tempo de ler todos, mas prometo respond\u00ea-los, sen\u00e3o, j\u00e1 o &hellip; <a href=\"https:\/\/www.toque-musicall.com\/?p=413\">Continue lendo <span class=\"meta-nav\">&rarr;<\/span><\/a><\/p>\n","protected":false},"author":1,"featured_media":0,"comment_status":"open","ping_status":"closed","sticky":false,"template":"","format":"standard","meta":{"footnotes":""},"categories":[152,665],"tags":[],"class_list":["post-413","post","type-post","status-publish","format-standard","hentry","category-selo-copacabana","category-waldir-calmon"],"_links":{"self":[{"href":"https:\/\/www.toque-musicall.com\/index.php?rest_route=\/wp\/v2\/posts\/413","targetHints":{"allow":["GET"]}}],"collection":[{"href":"https:\/\/www.toque-musicall.com\/index.php?rest_route=\/wp\/v2\/posts"}],"about":[{"href":"https:\/\/www.toque-musicall.com\/index.php?rest_route=\/wp\/v2\/types\/post"}],"author":[{"embeddable":true,"href":"https:\/\/www.toque-musicall.com\/index.php?rest_route=\/wp\/v2\/users\/1"}],"replies":[{"embeddable":true,"href":"https:\/\/www.toque-musicall.com\/index.php?rest_route=%2Fwp%2Fv2%2Fcomments&post=413"}],"version-history":[{"count":0,"href":"https:\/\/www.toque-musicall.com\/index.php?rest_route=\/wp\/v2\/posts\/413\/revisions"}],"wp:attachment":[{"href":"https:\/\/www.toque-musicall.com\/index.php?rest_route=%2Fwp%2Fv2%2Fmedia&parent=413"}],"wp:term":[{"taxonomy":"category","embeddable":true,"href":"https:\/\/www.toque-musicall.com\/index.php?rest_route=%2Fwp%2Fv2%2Fcategories&post=413"},{"taxonomy":"post_tag","embeddable":true,"href":"https:\/\/www.toque-musicall.com\/index.php?rest_route=%2Fwp%2Fv2%2Ftags&post=413"}],"curies":[{"name":"wp","href":"https:\/\/api.w.org\/{rel}","templated":true}]}}