{"id":4145,"date":"2014-04-16T20:14:09","date_gmt":"2014-04-16T23:14:09","guid":{"rendered":"http:\/\/www.toque-musicall.com\/?p=4145"},"modified":"2014-04-17T20:17:08","modified_gmt":"2014-04-17T23:17:08","slug":"compositores-brasileiros-contemporaneos-13-festival-de-inverno-da-ufmg-1986","status":"publish","type":"post","link":"https:\/\/www.toque-musicall.com\/?p=4145","title":{"rendered":"Compositores Brasileiros Contempor\u00e2neos &#8211; 13. Festival de Inverno da UFMG (1986)"},"content":{"rendered":"<p><img loading=\"lazy\" decoding=\"async\" class=\"aligncenter\" alt=\"\" src=\"http:\/\/4.bp.blogspot.com\/-tyNeDkkIX7g\/U0_MwupVOrI\/AAAAAAAAI6I\/fYjdNRUEMv4\/s1600\/capap.JPG\" width=\"1000\" height=\"1006\" \/><img loading=\"lazy\" decoding=\"async\" class=\"aligncenter\" alt=\"\" src=\"http:\/\/3.bp.blogspot.com\/-4FEPv6TTKi8\/U0_Mq7ix0ZI\/AAAAAAAAI6A\/fpGXGKHSE0o\/s1600\/contrap.JPG\" width=\"1000\" height=\"995\" \/><\/p>\n<div>Ol\u00e1 amigos cultos e ocultos! Abril \u00e9 o m\u00eas em que eu mais estou ocupado, quase n\u00e3o tenho tempo para nada. \u00c9 s\u00f3 trabalho! Preciso achar um momento para a m\u00fasica, para os discos e para o blog. O importante para mim \u00e9 fazer tudo por prazer e n\u00e3o por obriga\u00e7\u00e3o (ali\u00e1s, que obriga\u00e7\u00e3o?)<\/div>\n<div>Segue na postagem de hoje este lp, lan\u00e7ado em 1986 pela Universidade Federal de Minas Gerais para o 13. Festival de Inverno, realizado em S\u00e3o Jo\u00e3o Del Rey. \u00c9poca boa, quando ainda a UFMG acreditava em seu festival. Inclusive, o termo &#8220;Festival de Inverno&#8221; foi criado por eles, mas ao longo do tempo acabaram perdendo at\u00e9 o nome como algo exclusivo. Creio at\u00e9 que algu\u00e9m j\u00e1 registrou &#8216;Festival de Inverno&#8217;, ou se tornou algo comum. Ainda nos anos 80 o Festival de Inverno da UFMG era o m\u00e1ximo, um evento que todos queriam participar. A produ\u00e7\u00e3o art\u00edstica durante o m\u00eas de julho, nas \u00e1reas de artes pl\u00e1sticas, m\u00fasica e letras eram intensas, a ponto de merecerem publica\u00e7\u00f5es. Este disco \u00e9 um bom exemplo. Gravado ao vivo, possivelmente no Teatro Municipal de S\u00e3o Jo\u00e3o Del Rey, ele nos apresenta obras de seis compositores brasileiros, da chamada &#8216;M\u00fasica Contempor\u00e2nea&#8217;: Michel Philippot, Gilberto Mendes, J. A. de Almeida Prado, Armando Albuquerque, Arthur Nestrovski e V\u00e2nia Dantas Leitas. Como na edi\u00e7\u00e3o anterior do Festival, onde tamb\u00e9m fora produzido um lp, acredito que este tamb\u00e9m tenha sido com os alunos que participaram das oficinas. Infelizmente, n\u00e3o encontrei outros dados sobre este disco, mas tenho certeza que logo aparece algu\u00e9m aqui com a informa\u00e7\u00e3o necess\u00e1ria. Tamb\u00e9m, se for do interesse de voc\u00eas, poderei em uma pr\u00f3xima ocasi\u00e3o postar o lp do 12. Festival. Deixo aqui tamb\u00e9m um link, &#8220;<a href=\"http:\/\/repositorio.ufu.br\/bitstream\/123456789\/1411\/1\/MusicaContemporaneaMinas.pdf\" target=\"_blank\">M\u00fasica Contempor\u00e2nea em Minas Gerais<\/a>&#8220;, tese da historiadora V\u00e2nia Carvalho Lovaglio, na qual ela pontua tamb\u00e9m essas passagens dos Festivais de Inverno da UFM<a href=\"http:\/\/depositfiles.org\/files\/ziut17o5d\" target=\"_blank\">G<\/a>.<\/div>\n<div><\/div>\n<div style=\"text-align: center;\">piece n. 2 (para violino solo) &#8211; michel philippot<\/div>\n<div style=\"text-align: center;\">retrato &#8211; gilberto mendes<\/div>\n<div style=\"text-align: center;\">eps\u00f3dio animal &#8211; j. a. de almeida prado<\/div>\n<div style=\"text-align: center;\">sonatinha &#8211; armando albuquerque<\/div>\n<div style=\"text-align: center;\">litania &#8211; arthur nestrovski<\/div>\n<div style=\"text-align: center;\">aju ram\u00f4 &#8211; vania dantas leite<\/div>\n<div style=\"text-align: center;\"><\/div>\n<div style=\"text-align: center;\">.<\/div>\n","protected":false},"excerpt":{"rendered":"<p>Ol\u00e1 amigos cultos e ocultos! Abril \u00e9 o m\u00eas em que eu mais estou ocupado, quase n\u00e3o tenho tempo para nada. \u00c9 s\u00f3 trabalho! Preciso achar um momento para a m\u00fasica, para os discos e para o blog. O importante &hellip; <a href=\"https:\/\/www.toque-musicall.com\/?p=4145\">Continue lendo <span class=\"meta-nav\">&rarr;<\/span><\/a><\/p>\n","protected":false},"author":1,"featured_media":0,"comment_status":"open","ping_status":"closed","sticky":false,"template":"","format":"standard","meta":{"footnotes":""},"categories":[2373,25],"tags":[],"class_list":["post-4145","post","type-post","status-publish","format-standard","hentry","category-compositores-brasileiros-contemporaneos-13-festival-de-inverno-da-ufmg","category-selo-independente"],"_links":{"self":[{"href":"https:\/\/www.toque-musicall.com\/index.php?rest_route=\/wp\/v2\/posts\/4145","targetHints":{"allow":["GET"]}}],"collection":[{"href":"https:\/\/www.toque-musicall.com\/index.php?rest_route=\/wp\/v2\/posts"}],"about":[{"href":"https:\/\/www.toque-musicall.com\/index.php?rest_route=\/wp\/v2\/types\/post"}],"author":[{"embeddable":true,"href":"https:\/\/www.toque-musicall.com\/index.php?rest_route=\/wp\/v2\/users\/1"}],"replies":[{"embeddable":true,"href":"https:\/\/www.toque-musicall.com\/index.php?rest_route=%2Fwp%2Fv2%2Fcomments&post=4145"}],"version-history":[{"count":1,"href":"https:\/\/www.toque-musicall.com\/index.php?rest_route=\/wp\/v2\/posts\/4145\/revisions"}],"predecessor-version":[{"id":4148,"href":"https:\/\/www.toque-musicall.com\/index.php?rest_route=\/wp\/v2\/posts\/4145\/revisions\/4148"}],"wp:attachment":[{"href":"https:\/\/www.toque-musicall.com\/index.php?rest_route=%2Fwp%2Fv2%2Fmedia&parent=4145"}],"wp:term":[{"taxonomy":"category","embeddable":true,"href":"https:\/\/www.toque-musicall.com\/index.php?rest_route=%2Fwp%2Fv2%2Fcategories&post=4145"},{"taxonomy":"post_tag","embeddable":true,"href":"https:\/\/www.toque-musicall.com\/index.php?rest_route=%2Fwp%2Fv2%2Ftags&post=4145"}],"curies":[{"name":"wp","href":"https:\/\/api.w.org\/{rel}","templated":true}]}}