{"id":415,"date":"2011-06-27T03:24:00","date_gmt":"2011-06-27T03:24:00","guid":{"rendered":"http:\/\/www.toque-musicall.com\/?p=415"},"modified":"2011-06-27T03:24:00","modified_gmt":"2011-06-27T03:24:00","slug":"jongo-trio-compacto-1965","status":"publish","type":"post","link":"https:\/\/www.toque-musicall.com\/?p=415","title":{"rendered":"Jongo Trio &#8211; Compacto (1965)"},"content":{"rendered":"<div style=\"clear: both; text-align: center;\"><a href=\"http:\/\/3.bp.blogspot.com\/-vmPuZDZ7PHI\/TgfnDs-paRI\/AAAAAAAAIJw\/qo6CkBg3Cds\/s1600\/jongo+trio+P.JPG\" style=\"margin-left: 1em; margin-right: 1em;\"><img loading=\"lazy\" decoding=\"async\" border=\"0\" height=\"400\" src=\"http:\/\/3.bp.blogspot.com\/-vmPuZDZ7PHI\/TgfnDs-paRI\/AAAAAAAAIJw\/qo6CkBg3Cds\/s400\/jongo+trio+P.JPG\" width=\"400\" \/><\/a><\/div>\n<p>Pois \u00e9, meus prezados amigos cultos e ocultos, segue agora o compacto de b\u00f4nus ou, o toque extra para come\u00e7armos uma outra comemora\u00e7\u00e3o. Vejam voc\u00eas como uma coisa leva a outra. Falamos de Dick Farney Trio e vamos na sequ\u00eancia novamente com Toninho e Sab\u00e1, ao lado do pianista Cido Bianchi. Juntos eles formavam o Jogo Trio. O grupo foi formado em S\u00e3o Paulo, em 1965. Fizeram diversos shows, tocando no Teatro Arena, Paramount, na boate Cave e na TV com &#8216;H\u00e9lice&#8217; Regina e Jair Rodrigues, no hist\u00f3rico programa &#8220;O Fino da Bossa&#8221;. Foi nele que surgiu a oportunidade do trio gravar um disco pelo selo ga\u00facho Farroupilha. Veio primeiro o compacto duplo, para anunciar a chegada do lp, que foi lan\u00e7ado naquele mesmo ano de 65.<br \/>Como eu dizia, uma coisa leva a outra e mais outra&#8230; Nesta semana o Toque Musical est\u00e1 tamb\u00e9m comemorando os seus 4 anos de vida. Sinceramente, eu n\u00e3o esperava chegar at\u00e9 aqui. N\u00e3o que me falte muni\u00e7\u00e3o. A verdade \u00e9 que muita coisa aconteceu ao longo desse tempo, alegrias e tamb\u00e9m frustra\u00e7\u00f5es, \u00e2nimos e des\u00e2nimos. Muita press\u00e3o, pouco tempo, mas acima de tudo um desejo incontrol\u00e1vel de tratar de um assunto que \u00e9 uma das minhas paix\u00f5es: a m\u00fasica, seus artistas e seus discos. Vejo que todo esse tempo n\u00e3o foi em v\u00e3o, por isso mesmo ainda e cada vez mais rico fica este nosso Toque Musical. O administrador aqui, tamb\u00e9m ficou rico, mas n\u00e3o foi pedindo doa\u00e7\u00f5es e nem alugando espa\u00e7os para propaganda (na cara e ocultas). Eu me enriqueci foi conhecendo mais sobre a m\u00fasica brasileira. Foi tendo a honra de conhecer e ser reconhecido por esses artistas maravilhosos que em sua maioria sempre aprovaram a minha conduta. Foi levando alegria \u00e0queles que por conta do progre$$o da ind\u00fastria fonogr\u00e1fica se viram iludidos pelo brilho falso de uma coisa chama &#8216;compact disc&#8217;, que deixou para tr\u00e1s (ou passou \u00a0para os de fora) o momento mais importante da nossa m\u00fasica popular brasileira. Sucateados fomos todos n\u00f3s, que a custa do anarquismo e de uma suposta ilegalidade, tivemos que recorrer ao uso da mesma tecnologia para recuperar um pouco a nossa dignidade musical. Voc\u00eas j\u00e1 pararam para pensar onde estar\u00edamos se essa revolu\u00e7\u00e3o do compartilhamento n\u00e3o tivesse existido? O que estariam produzindo os nossos novos artistas, sem refer\u00eancias ou influ\u00eancias hist\u00f3ricas? Talvez estar\u00edamos agora totalmente dominados por macaquices, tolices e outros lixos que &#8216;eles&#8217; tentam nos vender como a nova m\u00fasica brasileira de qualidade (no m\u00e1ximo curiosidade!). O popular n\u00e3o precisa necessariamente ser pobre, copiado, obtuso e obsceno. \u00c9 preciso que haja luz para iluminar o caminho dos que chegam e uma cultura musical descente, pr\u00f3pria do nosso povo! Viva o Brasil, meu irm\u00e3o!<br \/>Para finalizar a minha prosopopeia, irei nesta semana de anivers\u00e1rio fazer postagens como a de hoje, ou seja, um lp e em seguida um compacto. \u00c9 o meu presente de anivers\u00e1rio \ud83d\ude09<\/p>\n<div style=\"text-align: center;\">feitinha pro poeta<\/div>\n<div style=\"text-align: center;\">seu chopin, desculpe<\/div>\n<div style=\"text-align: center;\">terra de ningu\u00e9m<\/div>\n<div style=\"text-align: center;\">eternidade<\/div>\n<div style=\"text-align: center;\"><\/div>\n","protected":false},"excerpt":{"rendered":"<p>Pois \u00e9, meus prezados amigos cultos e ocultos, segue agora o compacto de b\u00f4nus ou, o toque extra para come\u00e7armos uma outra comemora\u00e7\u00e3o. Vejam voc\u00eas como uma coisa leva a outra. Falamos de Dick Farney Trio e vamos na sequ\u00eancia &hellip; <a href=\"https:\/\/www.toque-musicall.com\/?p=415\">Continue lendo <span class=\"meta-nav\">&rarr;<\/span><\/a><\/p>\n","protected":false},"author":1,"featured_media":0,"comment_status":"open","ping_status":"closed","sticky":false,"template":"","format":"standard","meta":{"footnotes":""},"categories":[666,642],"tags":[],"class_list":["post-415","post","type-post","status-publish","format-standard","hentry","category-jongo-trio","category-selo-farropilha"],"_links":{"self":[{"href":"https:\/\/www.toque-musicall.com\/index.php?rest_route=\/wp\/v2\/posts\/415","targetHints":{"allow":["GET"]}}],"collection":[{"href":"https:\/\/www.toque-musicall.com\/index.php?rest_route=\/wp\/v2\/posts"}],"about":[{"href":"https:\/\/www.toque-musicall.com\/index.php?rest_route=\/wp\/v2\/types\/post"}],"author":[{"embeddable":true,"href":"https:\/\/www.toque-musicall.com\/index.php?rest_route=\/wp\/v2\/users\/1"}],"replies":[{"embeddable":true,"href":"https:\/\/www.toque-musicall.com\/index.php?rest_route=%2Fwp%2Fv2%2Fcomments&post=415"}],"version-history":[{"count":0,"href":"https:\/\/www.toque-musicall.com\/index.php?rest_route=\/wp\/v2\/posts\/415\/revisions"}],"wp:attachment":[{"href":"https:\/\/www.toque-musicall.com\/index.php?rest_route=%2Fwp%2Fv2%2Fmedia&parent=415"}],"wp:term":[{"taxonomy":"category","embeddable":true,"href":"https:\/\/www.toque-musicall.com\/index.php?rest_route=%2Fwp%2Fv2%2Fcategories&post=415"},{"taxonomy":"post_tag","embeddable":true,"href":"https:\/\/www.toque-musicall.com\/index.php?rest_route=%2Fwp%2Fv2%2Ftags&post=415"}],"curies":[{"name":"wp","href":"https:\/\/api.w.org\/{rel}","templated":true}]}}