{"id":416,"date":"2011-06-27T01:53:00","date_gmt":"2011-06-27T01:53:00","guid":{"rendered":"http:\/\/www.toque-musicall.com\/?p=416"},"modified":"2011-06-27T01:53:00","modified_gmt":"2011-06-27T01:53:00","slug":"dick-farney-trio-5-anos-de-jazz-1977","status":"publish","type":"post","link":"https:\/\/www.toque-musicall.com\/?p=416","title":{"rendered":"Dick Farney Trio &#8211; 5 Anos De Jazz (1977)"},"content":{"rendered":"<div style=\"clear: both; text-align: center;\"><a href=\"http:\/\/4.bp.blogspot.com\/-iQdodYxittk\/TgfTmYWs6pI\/AAAAAAAAIJo\/H5I_vagVAHM\/s1600\/dick+P.JPG\" style=\"margin-left: 1em; margin-right: 1em;\"><img loading=\"lazy\" decoding=\"async\" border=\"0\" height=\"398\" src=\"http:\/\/4.bp.blogspot.com\/-iQdodYxittk\/TgfTmYWs6pI\/AAAAAAAAIJo\/H5I_vagVAHM\/s400\/dick+P.JPG\" width=\"400\" \/><\/a><\/div>\n<p>Ol\u00e1 amigos cultos e ocultos! Passei, hoje, a manh\u00e3 toda navegando na rede e por mais estranho que pare\u00e7a, acabei me esquecendo da postagem. S\u00f3 agora estou dando conta de que ainda n\u00e3o mandei o toque do dia, n\u00e3o bati o ponto. \ud83d\ude42 Neste domingo, estou em sintonia como o jazz. Minha tarde foi regada \u00e0 McCoy Tyner, Gil Evans e Dave Brubeck. Del\u00edcia total! Eis que agora, ao escolher o que iria postar, me lembrei do Dick Farney e seus memor\u00e1veis shows intimistas ao lado de Sab\u00e1 e Toninho. Shows esses\u00a0, diga-se de passagem,\u00a0que eu nunca assisti, mas se tornaram memor\u00e1veis por conta do talento do trio e tamb\u00e9m porque foram gravados e ficaram registrados em discos, como este que estou trazendo aqui.<br \/>&#8220;5 Anos de Jazz&#8221; comemora o encontro desses tr\u00eas m\u00fasicos que em 1972 se juntaram para fazerem o que mais gostavam, tocar jazz. Foram na \u00e9poca contratados pelo empres\u00e1rio da noite, Ricardo Amaral e passaram desde ent\u00e3o a se apresentarem nesses shows para uma plat\u00e9ia seleta. Dessas apresenta\u00e7\u00f5es, que eram sempre gravadas vieram, os discos. Lan\u00e7aram um primeiro em 73 e em 77 veio este que comemora os cinco anos tocando juntos. Um disco que contempla justamente algumas das m\u00fasicas que eu ouvia hoje \u00e0 tarde. Brubeck na cabe\u00e7a! Al\u00e9m de outros, tamb\u00e9m cl\u00e1ssicos, mas poucos. O disco traz apenas seis faixas. D\u00e1 vontade de ouvir mais&#8230; \ud83d\ude42 Confiram a\u00ed, pois eu no embalo, acho que vou mandar mais um. Um compacto para fecharmos bem a noite. Que tal? \ud83d\ude09<\/p>\n<div style=\"text-align: center;\">brandenburg gate<\/div>\n<div style=\"text-align: center;\">autumn leaves (les feuilles mortes)<\/div>\n<div style=\"text-align: center;\">we&#8217;ll be together again<\/div>\n<div style=\"text-align: center;\">besame mucho<\/div>\n<div style=\"text-align: center;\">three to get ready<\/div>\n<div style=\"text-align: center;\">our lover is here to stay<\/div>\n","protected":false},"excerpt":{"rendered":"<p>Ol\u00e1 amigos cultos e ocultos! Passei, hoje, a manh\u00e3 toda navegando na rede e por mais estranho que pare\u00e7a, acabei me esquecendo da postagem. S\u00f3 agora estou dando conta de que ainda n\u00e3o mandei o toque do dia, n\u00e3o bati &hellip; <a href=\"https:\/\/www.toque-musicall.com\/?p=416\">Continue lendo <span class=\"meta-nav\">&rarr;<\/span><\/a><\/p>\n","protected":false},"author":1,"featured_media":0,"comment_status":"open","ping_status":"closed","sticky":false,"template":"","format":"standard","meta":{"footnotes":""},"categories":[392,667],"tags":[],"class_list":["post-416","post","type-post","status-publish","format-standard","hentry","category-dick-farney","category-selo-london-emi-odeon"],"_links":{"self":[{"href":"https:\/\/www.toque-musicall.com\/index.php?rest_route=\/wp\/v2\/posts\/416","targetHints":{"allow":["GET"]}}],"collection":[{"href":"https:\/\/www.toque-musicall.com\/index.php?rest_route=\/wp\/v2\/posts"}],"about":[{"href":"https:\/\/www.toque-musicall.com\/index.php?rest_route=\/wp\/v2\/types\/post"}],"author":[{"embeddable":true,"href":"https:\/\/www.toque-musicall.com\/index.php?rest_route=\/wp\/v2\/users\/1"}],"replies":[{"embeddable":true,"href":"https:\/\/www.toque-musicall.com\/index.php?rest_route=%2Fwp%2Fv2%2Fcomments&post=416"}],"version-history":[{"count":0,"href":"https:\/\/www.toque-musicall.com\/index.php?rest_route=\/wp\/v2\/posts\/416\/revisions"}],"wp:attachment":[{"href":"https:\/\/www.toque-musicall.com\/index.php?rest_route=%2Fwp%2Fv2%2Fmedia&parent=416"}],"wp:term":[{"taxonomy":"category","embeddable":true,"href":"https:\/\/www.toque-musicall.com\/index.php?rest_route=%2Fwp%2Fv2%2Fcategories&post=416"},{"taxonomy":"post_tag","embeddable":true,"href":"https:\/\/www.toque-musicall.com\/index.php?rest_route=%2Fwp%2Fv2%2Ftags&post=416"}],"curies":[{"name":"wp","href":"https:\/\/api.w.org\/{rel}","templated":true}]}}